{"id":438321,"date":"2025-09-20T21:51:14","date_gmt":"2025-09-20T21:51:14","guid":{"rendered":"https:\/\/www.europesays.com\/de\/438321\/"},"modified":"2025-09-20T21:51:14","modified_gmt":"2025-09-20T21:51:14","slug":"nuernberg-gewinnt-krisengipfel-gegen-bochum","status":"publish","type":"post","link":"https:\/\/www.europesays.com\/de\/438321\/","title":{"rendered":"N\u00fcrnberg gewinnt Krisengipfel gegen Bochum"},"content":{"rendered":"<p class=\"metatextline\">Stand: 20.09.2025 23:01 Uhr<\/p>\n<p class=\"textabsatz columns twelve  m-ten  m-offset-one l-eight l-offset-two\">\n        <strong>Der 1. FC N\u00fcrnberg hat das Kellerduell der 2. Bundesliga gegen den VfL Bochum gewonnen. Damit verl\u00e4sst der FCN das Tabellenende &#8211; und stellt Bochum vor gr\u00f6\u00dfere Probleme.<\/strong>\n    <\/p>\n<p class=\"textabsatz m-ten m-offset-one l-eight l-offset-two columns twelve\">Durch das 2:1 (0:0) gegen Bochum gab das bisherige Schlusslicht N\u00fcrnberg den letzten Tabellenplatz an den 1. FC Magdeburg ab und \u00fcberholte auch den VfL. Julian Justvan brachte den FCN in F\u00fchrung (68.). Ibrahim Sissoko (87.) glich per Foulelfmeter f\u00fcr Bochum aus, aber Adriano Grimaldi erzielte noch das N\u00fcrnberger Siegtor (90.+2).<\/p>\n<p class=\"textabsatz m-ten m-offset-one l-eight l-offset-two columns twelve\">Bei N\u00fcrnberg stand Trainer Miroslav Klose bereits unter Druck. &#8222;Wir wussten, dass wir Letzter waren&#8220;, sagte Klose bei Sky. &#8222;Trotzdem haben wir eine gute Mischung aus fokussiertem Arbeiten und einer Lockerheit gehabt.&#8220;<\/p>\n<p class=\"textabsatz m-ten m-offset-one l-eight l-offset-two columns twelve\">Bochum, nun mit vier Niederlagen in Folge, hatte unter der Woche Trainer Dieter Hecking und Sportchef Dirk Dufner freigestellt. U19-Coach\u00a0David Siebers, der die Mannschaft interimsweise betreut, schaffte die Wende im Kellerduell noch nicht &#8211; Bochum entt\u00e4uschte. &#8222;Die Mannschaft ist intakt&#8220;, sagte Siebers. &#8222;Nach dem Elfmeter haben wir einen dreckigen erk\u00e4mpften Punkt gesehen. Dass das in der Nachspielzeit leider missr\u00e4t, das ist schon hart. Das nicht alles funktionieren kann, war klar.&#8220;<\/p>\n<ul class=\"buttongroup buttongroup--copytext\">\n<li class=\"buttongroup__item\">\n<p>    <a class=\"btn btn--text btn--standard-secondary btn--fullwidth\" href=\"https:\/\/www.sportschau.de\/live-und-ergebnisse\/fussball\/deutschland-2-bundesliga\/ma11200325\/1-fc-nuernberg_vfl-bochum\/liveticker\" rel=\"nofollow noopener\" target=\"_blank\"><br \/>\n        Live-Ticker zum Nachlesen<br \/>\n        Pfeil rechts<\/p>\n<p>    <\/a>\n<\/li>\n<li class=\"buttongroup__item\">\n<p>    <a class=\"btn btn--text btn--standard-secondary btn--fullwidth\" href=\"https:\/\/www.sportschau.de\/live-und-ergebnisse\/fussball\/deutschland-2-bundesliga\/se94781\/2025-2026\/ro262550\/spieltag\/md6\/spiele-und-ergebnisse\" rel=\"nofollow noopener\" target=\"_blank\"><br \/>\n        6. Spieltag<br \/>\n        Pfeil rechts<\/p>\n<p>    <\/a>\n<\/li>\n<\/ul>\n<p>    N\u00fcrnberg von Beginn an \u00fcberlegen<\/p>\n<p class=\"textabsatz m-ten m-offset-one l-eight l-offset-two columns twelve\">N\u00fcrnberg war zun\u00e4chst die bessere Mannschaft und hatte die erste Chance der Partie. Aber Pape Diop schob den Ball sieben Meter vor dem Tor aus halblinker Position knapp rechts am Tor vorbei (24.). Fabio Gruber bejubelte dann schon die N\u00fcrnberger F\u00fchrung, aber die zur neuen Saison eingef\u00fchrte halb-automatische Abseitserkennung produzierte ein Bild, das ein extrem knappe Abseitsstellung zeigte (32.).<\/p>\n<p>    <a href=\"https:\/\/www.sportschau.de\/fussball\/bundesliga2\/bochums-trainer-siebers-leider-nicht-mit-dreckigem-punkt-belohnt-worden,audio-boc-siebers-100.html\" rel=\"nofollow noopener\" target=\"_blank\"><\/p>\n<p>Sportschau, 20.09.2025 23:12 Uhr<\/p>\n<p>    <\/a><\/p>\n<p class=\"textabsatz m-ten m-offset-one l-eight l-offset-two columns twelve\">Dann war der N\u00fcrnberger Mohamed Zoma\u00a0temporeich auf dem Weg zum Bochumer Tor, aber Leandro Morgalla rettete mit einer gekonnten Gr\u00e4tsche gerade noch f\u00fcr Bochum (39.).<\/p>\n<p class=\"absatzbild__info__text\">\n                        Finn Ole Becker (l.) im Zweikampf mit Cajetan Lenz (r.)\n                    <\/p>\n<p>    Justvan mit \u00fcberf\u00e4lligem F\u00fchrungstor<\/p>\n<p class=\"textabsatz m-ten m-offset-one l-eight l-offset-two columns twelve\">Bochums Torwart Timo Horn bewahrte den VfL nach der Pause zun\u00e4chst vor dem R\u00fcckstand: N\u00fcrnbergs Berkay Yilmaz hatte von der Grundlinie Zoma angespielt, der f\u00fcr Julian Justvan ablegte &#8211; aber Horn parierte (55.). Bochum blieb passiv, N\u00fcrnbergs Adam Markhiev traf nur das Au\u00dfennetz (59.).<\/p>\n<p class=\"absatzbild__info__text\">\n                        Julian Justvan (l.) im Zweikampf mit Cajetan Lenz (r.)\n                    <\/p>\n<p class=\"textabsatz m-ten m-offset-one l-eight l-offset-two columns twelve\">In der 68. Minute lieferte Justvan das \u00fcberf\u00e4llige F\u00fchrungstor: Finn Becker setzte Justvan rechts ein, der sich freispielte und mit links gekonnt ins linke Eck schlenzte. Bochums Romario R\u00f6sch\u00a0verhinderte das zweite N\u00fcrnberger Tor, nachdem N\u00fcrnbergs Koudossou schon den Bochumer Schlussmann Horn \u00fcberlupft hatte.<\/p>\n<p class=\"absatzbild__info__text\">\n                        Bochum bejubelt Treffer zum 1:1 gegen N\u00fcrnberg\n                    <\/p>\n<p>    Dramatische Schlussphase bringt N\u00fcrnberg den Sieg<\/p>\n<p class=\"textabsatz m-ten m-offset-one l-eight l-offset-two columns twelve\">Doch Tim Janisch unterlief dann eine Flanke und riss Morgalla um &#8211; Elfmeter. Sissoko verwandelte den Strafsto\u00df ins linke Eck (87.). Aber N\u00fcrnberg hatte noch eine Antwort: Yilmaz flankte einen Freisto\u00df von rechts in den Strafraum, Grimaldi stieg am h\u00f6chsten und k\u00f6pfte in der Nachspielzeit zum Siegtor ein (90.+2). &#8222;Beim zweiten Tor hab ich mich mehr gefreut als bei meinem eigenen&#8220;, sagte Justvan bei Sky. &#8222;Es war nicht einfach die letzten Wochen.&#8220; Auf Trainer Klose angesprochen sagte: &#8222;Er hat mir immer Vertrauen gegeben. Das Tor ging an ihn.&#8220; Klose meinte \u00fcber Justvan: &#8222;Er war im Training total fokussiert. Er sagte, ich soll entspannt bleiben, Samstag zappelt das Ding im Netz.&#8220;<\/p>\n<p>    <a href=\"https:\/\/www.sportschau.de\/fussball\/bundesliga2\/nuernbergs-trainer-klose-mehr-als-verdient,audio-fcn-klose-100.html\" rel=\"nofollow noopener\" target=\"_blank\"><\/p>\n<p>Sportschau, 20.09.2025 23:17 Uhr<\/p>\n<p>    <\/a><\/p>\n<p class=\"textabsatz m-ten m-offset-one l-eight l-offset-two columns twelve\">Janisch, der den Elfmeter verursacht hatte, brach nach Schlusspfiff in Tr\u00e4nen aus. &#8222;Wenn er hoch springt, muss er den Ball auch haben&#8220;, sagte Klose. &#8222;Wir haben schon mit ihm gesprochen. Er ist am Weinen, das geht solchen Jungs nah, die haben selbst in der Kurve gestanden. Wir vertrauen den Jungs, weil wir wissen die k\u00f6nnen&#8217;s, aber wir verzeihen auch solche Fehler.&#8220;<\/p>\n<p class=\"absatzbild__info__text\">\n                        Tim Janisch (l.) h\u00e4lt Bochums Leandro Morgalla\n                    <\/p>\n<p>    N\u00fcrnberg gegen Hertha, Bochum gegen D\u00fcsseldorf<\/p>\n<p class=\"textabsatz m-ten m-offset-one l-eight l-offset-two columns twelve\">N\u00fcrnberg steht direkt vor dem n\u00e4chsten Krisengipfel und empf\u00e4ngt am Sonntagmittag Hertha BSC (13.30 Uhr). Bochum spielt am Samstagabend Fortuna D\u00fcsseldorf (20.30 Uhr).<\/p>\n<ul class=\"buttongroup buttongroup--copytext\">\n<li class=\"buttongroup__item\">\n<p>    <a class=\"btn btn--text btn--standard-secondary btn--fullwidth\" href=\"https:\/\/calovo.de\/f\/sportschau\/1-fc-nuernberg\" rel=\"nofollow noopener\" target=\"_blank\"><br \/>\n        1. FC N\u00fcrnberg f\u00fcr Ihren Kalender<br \/>\n        Pfeil rechts<\/p>\n<p>    <\/a>\n<\/li>\n<li class=\"buttongroup__item\">\n<p>    <a class=\"btn btn--text btn--standard-secondary btn--fullwidth\" href=\"https:\/\/calovo.de\/f\/sportschau\/vfl-bochum-1848\" rel=\"nofollow noopener\" target=\"_blank\"><br \/>\n        VfL Bochum f\u00fcr Ihren Kalender<br \/>\n        Pfeil rechts<\/p>\n<p>    <\/a>\n<\/li>\n<\/ul>\n","protected":false},"excerpt":{"rendered":"Stand: 20.09.2025 23:01 Uhr Der 1. FC N\u00fcrnberg hat das Kellerduell der 2. Bundesliga gegen den VfL Bochum&hellip;\n","protected":false},"author":2,"featured_media":438322,"comment_status":"","ping_status":"","sticky":false,"template":"","format":"standard","meta":{"footnotes":""},"categories":[136],"tags":[783,621,29,347,30,265,8173],"class_list":{"0":"post-438321","1":"post","2":"type-post","3":"status-publish","4":"format-standard","5":"has-post-thumbnail","7":"category-sport","8":"tag-1-fc-nuernberg","9":"tag-2-bundesliga","10":"tag-deutschland","11":"tag-fussball","12":"tag-germany","13":"tag-sport","14":"tag-vfl-bochum"},"share_on_mastodon":{"url":"https:\/\/pubeurope.com\/@de\/115238842243597047","error":""},"_links":{"self":[{"href":"https:\/\/www.europesays.com\/de\/wp-json\/wp\/v2\/posts\/438321","targetHints":{"allow":["GET"]}}],"collection":[{"href":"https:\/\/www.europesays.com\/de\/wp-json\/wp\/v2\/posts"}],"about":[{"href":"https:\/\/www.europesays.com\/de\/wp-json\/wp\/v2\/types\/post"}],"author":[{"embeddable":true,"href":"https:\/\/www.europesays.com\/de\/wp-json\/wp\/v2\/users\/2"}],"replies":[{"embeddable":true,"href":"https:\/\/www.europesays.com\/de\/wp-json\/wp\/v2\/comments?post=438321"}],"version-history":[{"count":0,"href":"https:\/\/www.europesays.com\/de\/wp-json\/wp\/v2\/posts\/438321\/revisions"}],"wp:featuredmedia":[{"embeddable":true,"href":"https:\/\/www.europesays.com\/de\/wp-json\/wp\/v2\/media\/438322"}],"wp:attachment":[{"href":"https:\/\/www.europesays.com\/de\/wp-json\/wp\/v2\/media?parent=438321"}],"wp:term":[{"taxonomy":"category","embeddable":true,"href":"https:\/\/www.europesays.com\/de\/wp-json\/wp\/v2\/categories?post=438321"},{"taxonomy":"post_tag","embeddable":true,"href":"https:\/\/www.europesays.com\/de\/wp-json\/wp\/v2\/tags?post=438321"}],"curies":[{"name":"wp","href":"https:\/\/api.w.org\/{rel}","templated":true}]}}