{"id":439035,"date":"2025-09-21T04:56:12","date_gmt":"2025-09-21T04:56:12","guid":{"rendered":"https:\/\/www.europesays.com\/de\/439035\/"},"modified":"2025-09-21T04:56:12","modified_gmt":"2025-09-21T04:56:12","slug":"katerstimmung-bei-den-vereinten-nationen-vor-vollversammlung","status":"publish","type":"post","link":"https:\/\/www.europesays.com\/de\/439035\/","title":{"rendered":"Katerstimmung bei den Vereinten Nationen vor Vollversammlung"},"content":{"rendered":"<p class=\"metatextline\">Stand: 21.09.2025 05:42 Uhr<\/p>\n<p class=\"textabsatz columns twelve  m-ten  m-offset-one l-eight l-offset-two\">\n        <strong>In New York treffen sich die Staats- und Regierungschefs von Montag an zur UN-Vollversammlung. 80 Jahre nach ihrer Gr\u00fcndung ist den Vereinten Nationen aber nicht zum Feiern zumute.<\/strong>\n    <\/p>\n<p>                                        <a class=\"authorline__link\" href=\"https:\/\/www.tagesschau.de\/korrespondenten\/martin-ganslmeier-110.html\" target=\"_blank\" rel=\"noopener\"><br \/>\n                                            <img decoding=\"async\" class=\"authorline__img\" alt=\"Martin Ganslmeier\" src=\"https:\/\/www.europesays.com\/de\/wp-content\/uploads\/2025\/09\/martin-ganslmeier-109.jpg\"\/><br \/>\n                                        <\/a><\/p>\n<p class=\"textabsatz m-ten m-offset-one l-eight l-offset-two columns twelve\">Der Generalsekret\u00e4r der Vereinten Nationen, Antonio Guterres, ist nicht zu beneiden. Die Welt leidet unter immer mehr Kriegen und Konflikten. Doch die Vereinten Nationen stehen ziemlich machtlos im Abseits.<\/p>\n<p class=\"textabsatz m-ten m-offset-one l-eight l-offset-two columns twelve\">Und so mahnt UN-Chef Ant\u00f3nio Guterres fast verzweifelt: &#8222;Die Vereinten Nationen sind der richtige Ort zur L\u00f6sung von Konflikten. Die Zeit daf\u00fcr ist n\u00e4chste Woche. Die Regierungschefs m\u00fcssen sich endlich anstrengen und Ergebnisse erzielen.&#8220; Zugleich preist er die UN-Vollversammlung als &#8222;Weltmeisterschaft der Diplomatie&#8220;. Zahlreiche Treffen der Staats- und Regierungschefs sind geplant. Er selbst hat 150 bilaterale Gespr\u00e4che vereinbart.<\/p>\n<p class=\"textabsatz m-ten m-offset-one l-eight l-offset-two columns twelve\">Doch die Vielzahl an Treffen k\u00f6nne den Bedeutungsverlust der Vereinten Nationen nicht kaschieren, sagt einer der profundesten Kenner der UN, Richard Gowan.<\/p>\n<blockquote class=\"zitat\">\n<p>                    Die Weltgemeinschaft ist so zersplittert. Und die Trump-Regierung so zerst\u00f6rerisch. UN-Mitarbeiter haben diese Krise sogar mit der des V\u00f6lkerbunds verglichen, der vor dem Zweiten Weltkrieg scheiterte. Die Sorge ist sehr gro\u00df.<\/p>\n<p>Richard Gowan von der Denkfabrik &#8222;Crisis Group&#8220;:<\/p>\n<\/blockquote>\n<p class=\"textabsatz m-ten m-offset-one l-eight l-offset-two columns twelve\">Schuld sind vor allem die drei gro\u00dfen Veto-M\u00e4chte im Weltsicherheitsrat. Bei den wichtigsten Kriegen in Gaza und in der Ukraine blockieren Russland und die USA L\u00f6sungen durch ihr Veto. Schlimmer noch: Den Pr\u00e4sidenten der USA, Russlands und Chinas Trump, Putin und Xi scheint das V\u00f6lkerrecht egal. Sie versto\u00dfen immer ungehemmter gegen die Charta der Vereinten Nationen. An die Stelle der regelbasierten Ordnung tritt immer h\u00e4ufiger das Recht des St\u00e4rkeren.<\/p>\n<p class=\"absatzbild__info__text\">\n                        Genetralsekret\u00e4r Guterres k\u00e4mpft gegen den Bedeutungsverlust der UN.\n                    <\/p>\n<p>    USA und andere L\u00e4nder k\u00fcrzen Gelder<\/p>\n<p class=\"textabsatz m-ten m-offset-one l-eight l-offset-two columns twelve\">Hinzu kommt, was Richard Gowan den &#8222;Trump-Schock&#8220; f\u00fcr die UN nennt: &#8222;Gleich in den ersten Wochen hat die Trump-Regierung die Finanzierung aller UN-Organisationen blockiert oder gestrichen. Diese Trump-Regierung ist viel ideologischer und entschlossener, die UN anzugreifen, als die erste.&#8220;<\/p>\n<p class=\"textabsatz m-ten m-offset-one l-eight l-offset-two columns twelve\">Mit einem R\u00fcckzug Amerikas aus dem Klimaschutzabkommen und UN-Organisationen wie dem UN-Menschenrechtsrat, der UNESCO oder der Weltgesundheitsorganisation hatte man gerechnet. Nicht aber mit solch dramatischen K\u00fcrzungen des Hauptgeldgebers der UN. Die Folgen f\u00fcr die humanit\u00e4re Arbeit und die Entwicklungshilfe der Vereinten Nationen sind katastrophal, zumal es keine anderen L\u00e4nder gibt, die eingesprungen sind.<\/p>\n<p>    Wenig Kritik an Trump erwartet<\/p>\n<p class=\"textabsatz m-ten m-offset-one l-eight l-offset-two columns twelve\">Im Gegenteil: Auch China und viele europ\u00e4ischen Staaten k\u00fcrzen bei der Entwicklungshilfe. Aber auch die UN als Organisation sind betroffen. UN-Generalsekret\u00e4r Guterres hat einen drastischen Sparplan, UN80, vorgestellt. Danach m\u00fcssen die Vereinten Nationen 20 Prozent ihres Budgets k\u00fcrzen und jede f\u00fcnfte Stelle streichen. Lange war sogar bef\u00fcrchtet worden, dass Trump sein Land ganz aus den Vereinten Nationen zur\u00fcckzieht.<\/p>\n<p class=\"textabsatz m-ten m-offset-one l-eight l-offset-two columns twelve\">Stattdessen &#8211; so UN-Experte Gowan &#8211; werde Trumps Rede am Dienstag nun der mit Spannung erwartete H\u00f6hepunkt dieser UN-Vollversammlung. &#8222;Trump genie\u00dft seine Auftritte vor den UN. Er genie\u00dft es, der Star der Show zu sein. Er genie\u00dft den Applaus der anderen Staatschefs. Und in seiner Rede wird er nochmal betonen, dass er den Friedensnobelpreis wirklich verdient.&#8220;<\/p>\n<p class=\"textabsatz m-ten m-offset-one l-eight l-offset-two columns twelve\">Nur wenige werden Trump in der UN-Vollversammlung kritisieren Gowan zufolge &#8211; Brasiliens Pr\u00e4sident Lula da Silva d\u00fcrfte dazugeh\u00f6ren. Die gro\u00dfe Mehrheit der Staats- und Regierungschefs aber wolle sich nicht mit dem US-Pr\u00e4sidenten anlegen.<\/p>\n<p>    Gaza und das Leid der Pal\u00e4stinenser das bestimmende Thema<\/p>\n<p class=\"textabsatz m-ten m-offset-one l-eight l-offset-two columns twelve\">Trump hat auch daf\u00fcr gesorgt, dass Pal\u00e4stinenser-Pr\u00e4sident Mahmud Abbas kein Visum f\u00fcr die Einreise nach New York bekommt. Die f\u00fcr Montag geplante Anerkennung Pal\u00e4stinas als unabh\u00e4ngiger Staat durch mehrere westliche Staaten &#8211; diesen seltenen Lichtblick f\u00fcr die Pal\u00e4stinenser &#8211; soll Abbas nicht pers\u00f6nlich miterleben d\u00fcrfen.<\/p>\n<p class=\"absatzbild__info__text\">\n                        Im vergangene Jahr konnte Mahmud Abbas noch vor der UN-Vollversammlung sprechen.\n                    <\/p>\n<p class=\"textabsatz m-ten m-offset-one l-eight l-offset-two columns twelve\">Nicht verhindern kann Trump, dass der Krieg in Gaza und das Leid der Pal\u00e4stinenser das bestimmende Thema dieser UN-Vollversammlung werden. Israel sei derzeit leider nicht an ernsthaften Verhandlungen f\u00fcr einen Waffenstillstand in Gaza interessiert, bedauert UN-Generalsekret\u00e4r Guterres.<\/p>\n<p class=\"textabsatz m-ten m-offset-one l-eight l-offset-two columns twelve\">Die Kritik aus islamischen Staaten und aus L\u00e4ndern des globalen S\u00fcdens, die UN lie\u00dfen Israel einfach gew\u00e4hren, l\u00e4sst Guterres nicht gelten. Die israelische Regierung habe die Vereinten Nationen aus Gaza vertrieben und UN-Mitarbeiter get\u00f6tet: &#8222;Die Geschichte wird die 400 in Gaza get\u00f6teten UN-Mitarbeiter nicht vergessen. Auch nicht, dass wir die st\u00e4ndigen Verst\u00f6\u00dfe gegen internationales Recht und das ganze Ausma\u00df von Tod und Zerst\u00f6rung stets angeprangert haben.&#8220; Das sei ohne Beispiel in seiner Amtszeit.<\/p>\n<p>    Kein einfacher Job f\u00fcr Selenskyj<\/p>\n<p class=\"textabsatz m-ten m-offset-one l-eight l-offset-two columns twelve\">Dagegen muss sich der ukrainische Pr\u00e4sident Selenskyj in seiner Rede am Mittwoch anstrengen, dass die Weltgemeinschaft den russischen Angriffskrieg gegen sein Land nicht vergisst. Gerade L\u00e4nder aus dem globalen S\u00fcden seien zunehmend genervt, dass dieser Krieg so viele Ressourcen binde, sagt Richard Gowan von der Denkfabrik Crisis Group: &#8222;F\u00fcr die Ukraine ist es seit 2023 immer schwieriger geworden, Unterst\u00fctzer im Kampf gegen Russland zu finden. Auch weil viele nicht-westliche Staaten entt\u00e4uscht sind, wie sich die Europ\u00e4er zu Gaza verhalten. Also sind auch sie weniger bereit, die Ukraine zu unterst\u00fctzen.&#8220;<\/p>\n<p>    Kritik an Deutschland<\/p>\n<p class=\"textabsatz m-ten m-offset-one l-eight l-offset-two columns twelve\">Das ist auch f\u00fcr Deutschland ein Problem. Noch im vergangenen Jahr gab es viel Lob f\u00fcr die erfolgreiche Arbeit Deutschlands als Federf\u00fchrer beim Zukunftspakt der Vereinten Nationen. Nun wird Kritik laut, dass sich die Bundesregierung nicht deutlicher von der israelischen Regierung distanziert. Mit Blick auf die Kandidatur Deutschlands f\u00fcr einen Sitz im UN-Sicherheitsrat k\u00f6nnte dies ein Nachteil sein.<\/p>\n","protected":false},"excerpt":{"rendered":"Stand: 21.09.2025 05:42 Uhr In New York treffen sich die Staats- und Regierungschefs von Montag an zur UN-Vollversammlung.&hellip;\n","protected":false},"author":2,"featured_media":439036,"comment_status":"","ping_status":"","sticky":false,"template":"","format":"standard","meta":{"footnotes":""},"categories":[3],"tags":[13,14,15,12,10,8,9,11,55425,64,12018,103,104],"class_list":{"0":"post-439035","1":"post","2":"type-post","3":"status-publish","4":"format-standard","5":"has-post-thumbnail","7":"category-welt","8":"tag-headlines","9":"tag-nachrichten","10":"tag-news","11":"tag-schlagzeilen","12":"tag-top-news","13":"tag-top-meldungen","14":"tag-topmeldungen","15":"tag-topnews","16":"tag-un-vollversammlung","17":"tag-usa","18":"tag-vereinte-nationen","19":"tag-welt","20":"tag-world"},"share_on_mastodon":{"url":"https:\/\/pubeurope.com\/@de\/115240513580260709","error":""},"_links":{"self":[{"href":"https:\/\/www.europesays.com\/de\/wp-json\/wp\/v2\/posts\/439035","targetHints":{"allow":["GET"]}}],"collection":[{"href":"https:\/\/www.europesays.com\/de\/wp-json\/wp\/v2\/posts"}],"about":[{"href":"https:\/\/www.europesays.com\/de\/wp-json\/wp\/v2\/types\/post"}],"author":[{"embeddable":true,"href":"https:\/\/www.europesays.com\/de\/wp-json\/wp\/v2\/users\/2"}],"replies":[{"embeddable":true,"href":"https:\/\/www.europesays.com\/de\/wp-json\/wp\/v2\/comments?post=439035"}],"version-history":[{"count":0,"href":"https:\/\/www.europesays.com\/de\/wp-json\/wp\/v2\/posts\/439035\/revisions"}],"wp:featuredmedia":[{"embeddable":true,"href":"https:\/\/www.europesays.com\/de\/wp-json\/wp\/v2\/media\/439036"}],"wp:attachment":[{"href":"https:\/\/www.europesays.com\/de\/wp-json\/wp\/v2\/media?parent=439035"}],"wp:term":[{"taxonomy":"category","embeddable":true,"href":"https:\/\/www.europesays.com\/de\/wp-json\/wp\/v2\/categories?post=439035"},{"taxonomy":"post_tag","embeddable":true,"href":"https:\/\/www.europesays.com\/de\/wp-json\/wp\/v2\/tags?post=439035"}],"curies":[{"name":"wp","href":"https:\/\/api.w.org\/{rel}","templated":true}]}}