{"id":439368,"date":"2025-09-21T08:18:09","date_gmt":"2025-09-21T08:18:09","guid":{"rendered":"https:\/\/www.europesays.com\/de\/439368\/"},"modified":"2025-09-21T08:18:09","modified_gmt":"2025-09-21T08:18:09","slug":"eintracht-frankfurt-so-plant-dino-toppmoeller-jetzt-im-tor-sport","status":"publish","type":"post","link":"https:\/\/www.europesays.com\/de\/439368\/","title":{"rendered":"Eintracht Frankfurt: So plant Dino Toppm\u00f6ller jetzt im Tor! | Sport"},"content":{"rendered":"<p>\u201eSonntag. Tor. \u00dcberraschen lassen.\u201c<\/p>\n<p><b>Eintracht-Trainer Dino Toppm\u00f6ller (44) wischte die Frage nach dem Startelf-Torwart vor dem Heimspiel gegen Union Berlin (Sonntag, 15.30 Uhr) mit einem Lacher weg. Macht daraus \u00f6ffentlich noch ein Geheimnis.<\/b><\/p>\n<p>Der Trainer wei\u00df um sein absolutes Luxus-Problem. Denn Neuzugang Michael Zetterer (30) \u00fcberzeugte in seinen 4 Eins\u00e4tzen bisher komplett. Spielte fehlerfrei. Doch mittlerweile ist Top-Talent Kaua Santos (22) nach Kreuzbandriss im April in Rekordzeit wieder vollst\u00e4ndig fit. <\/p>\n<p><b>Wer am Sonntag im Tor steht, lesen Sie exklusiv mit BILDplus.<\/b><\/p>\n","protected":false},"excerpt":{"rendered":"\u201eSonntag. Tor. \u00dcberraschen lassen.\u201c Eintracht-Trainer Dino Toppm\u00f6ller (44) wischte die Frage nach dem Startelf-Torwart vor dem Heimspiel gegen&hellip;\n","protected":false},"author":2,"featured_media":439369,"comment_status":"","ping_status":"","sticky":false,"template":"","format":"standard","meta":{"footnotes":"","_share_on_mastodon":"0"},"categories":[5],"tags":[331,332,1263,3364,29,460,538,30,13,14,15,12,469,45,462,7936,11092,48761],"class_list":["post-439368","post","type-post","status-publish","format-standard","has-post-thumbnail","category-nachrichten","tag-aktuelle-nachrichten","tag-aktuelle-news","tag-aufmacher-bereich","tag-de","tag-deutschland","tag-eintracht-frankfurt","tag-erste-bundesliga","tag-germany","tag-headlines","tag-nachrichten","tag-news","tag-schlagzeilen","tag-sport-leuchtturm-zentral","tag-texttospeech","tag-toppmoeller-dino","tag-torwart","tag-trapp-kevin","tag-zetterer-michael"],"share_on_mastodon":{"url":"https:\/\/pubeurope.com\/@de\/115241307757614838","error":""},"_links":{"self":[{"href":"https:\/\/www.europesays.com\/de\/wp-json\/wp\/v2\/posts\/439368","targetHints":{"allow":["GET"]}}],"collection":[{"href":"https:\/\/www.europesays.com\/de\/wp-json\/wp\/v2\/posts"}],"about":[{"href":"https:\/\/www.europesays.com\/de\/wp-json\/wp\/v2\/types\/post"}],"author":[{"embeddable":true,"href":"https:\/\/www.europesays.com\/de\/wp-json\/wp\/v2\/users\/2"}],"replies":[{"embeddable":true,"href":"https:\/\/www.europesays.com\/de\/wp-json\/wp\/v2\/comments?post=439368"}],"version-history":[{"count":0,"href":"https:\/\/www.europesays.com\/de\/wp-json\/wp\/v2\/posts\/439368\/revisions"}],"wp:featuredmedia":[{"embeddable":true,"href":"https:\/\/www.europesays.com\/de\/wp-json\/wp\/v2\/media\/439369"}],"wp:attachment":[{"href":"https:\/\/www.europesays.com\/de\/wp-json\/wp\/v2\/media?parent=439368"}],"wp:term":[{"taxonomy":"category","embeddable":true,"href":"https:\/\/www.europesays.com\/de\/wp-json\/wp\/v2\/categories?post=439368"},{"taxonomy":"post_tag","embeddable":true,"href":"https:\/\/www.europesays.com\/de\/wp-json\/wp\/v2\/tags?post=439368"}],"curies":[{"name":"wp","href":"https:\/\/api.w.org\/{rel}","templated":true}]}}