{"id":439521,"date":"2025-09-21T09:48:12","date_gmt":"2025-09-21T09:48:12","guid":{"rendered":"https:\/\/www.europesays.com\/de\/439521\/"},"modified":"2025-09-21T09:48:12","modified_gmt":"2025-09-21T09:48:12","slug":"fcn-adriano-grimaldi-versetzt-nuernberg-fans-in-ekstase-sport","status":"publish","type":"post","link":"https:\/\/www.europesays.com\/de\/439521\/","title":{"rendered":"FCN: Adriano Grimaldi versetzt N\u00fcrnberg-Fans in Ekstase | Sport"},"content":{"rendered":"<p><b>F\u00fcr solche Momente, solche Tore wurde Sturm-Oldie Adriano Grimaldi (34) vom <\/b><a href=\"https:\/\/www.bild.de\/sport\/fussball\/1-fc-nuernberg\/startseite-1-fc-nuernberg-31074426.bild.html\" class=\"text-link\" target=\"_blank\" rel=\"noopener\"><b>1. FC N\u00fcrnberg<\/b><\/a><b> verpflichtet. <\/b><\/p>\n<p>Als in der Schlussphase viele Fans nach einem phasenweise \u00fcberragend gef\u00fchrten Spiel und Bochums bitterem Elfmeter-Ausgleich (86. Minute!) den Club mal wieder als \u201eDepp\u201c einstuften, gab Grimaldi allein mit seiner Anwesenheit neuen Mut. <\/p>\n<p>Mehr zum Thema<\/p>\n<p><b>Nur drei Minuten nach seiner Einwechslung (89.) versetzte der Last-Minute-Transfer mit einem wuchtigen Kopfball und dem ersten FCN-St\u00fcrmertor dieser Saison das ganze Stadion in Ekstase. Grimaldi \u00fcber seinen Siegtreffer: \u201eDas ist ein Teamsport und wir wollen alle gewinnen. Selbst wenn mich der Trainer nur f\u00fcr drei Minuten bringt, kannst du in dieser Zeit etwas ver\u00e4ndern. Und das versuche ich jedes Mal. Deswegen wurde ich wohl auch verpflichtet.\u201c <\/b><\/p>\n<p>Auch interessant<\/p>\n<p>Anzeige<\/p>\n<p>Auch interessant<\/p>\n<p>Anzeige<\/p>\n<p>Und wegen seiner Autorit\u00e4t abseits des Platzes. <\/p>\n<p>Denn auch der zweite FCN-Torsch\u00fctze schw\u00e4rmte nach dem Abpfiff \u00fcber die Pers\u00f6nlichkeit Grimaldis. Spielmacher Julian Justvan (27) \u00fcber den Sieg-Helden: \u201eAdi hat so einen Impact, so eine Erfahrung, die uns auf und neben dem Platz so guttut. Er ist eben ein St\u00fcrmer, der in solchen Momenten gef\u00e4hrlich werden kann und das ist eine Waffe, die wir f\u00fcr uns nutzen m\u00fcssen.\u201c<\/p>\n<p><b>Zu sehen in der Nachspielzeit, als Grimaldi mindestens ein Stockwerk h\u00f6her sprang als alle Bochumer Gegenspieler. Dabei f\u00fchlt sich der Deutsch-Italiener schon wie ein Vertreter einer aussterbenden Spezies: \u201eIch bin 34 und komme aus einer anderen Fu\u00dfballzeit. Heute l\u00e4uft es in der Kabine anders ab. Ich kann mich aber damit arrangieren. Zumindest wei\u00df ich, was man in manchen Situationen zu sagen hat.\u201c Und wie man ein Stadion zum Wackeln bringt.<\/b><\/p>\n<p>\u201eR\u00e4tselhaft\u201c: Gr\u00e4fe-Kritik am VAR<a class=\"anchor video-teaser__anchor\" href=\"https:\/\/www.bild.de\/sport\/fussball\/bremen-freiburg-manuel-graefe-kritisiert-den-video-schiedsrichter-68cef45254b4ef320782212d\" target=\"_blank\" rel=\"noopener\"><img decoding=\"async\" width=\"992\" height=\"558\" alt=\"Bremen - Freiburg: Manuel Gr\u00e4fe kritisiert den Video-Schiedsrichter\" src=\"https:\/\/www.europesays.com\/de\/wp-content\/uploads\/2025\/09\/1f4233d37e07b6395bd8bb33d6ce6bb1-landscape,a45105d8\"   class=\"landscape teaser__image\" loading=\"lazy\"\/><\/a><\/p>\n<p>Quelle: BILD20.09.2025<\/p>\n","protected":false},"excerpt":{"rendered":"F\u00fcr solche Momente, solche Tore wurde Sturm-Oldie Adriano Grimaldi (34) vom 1. FC N\u00fcrnberg verpflichtet. Als in der&hellip;\n","protected":false},"author":2,"featured_media":439522,"comment_status":"","ping_status":"","sticky":false,"template":"","format":"standard","meta":{"footnotes":""},"categories":[1837],"tags":[783,876,772,3364,29,347,30,114129,3783,877,1470,45,8173],"class_list":{"0":"post-439521","1":"post","2":"type-post","3":"status-publish","4":"format-standard","5":"has-post-thumbnail","7":"category-nuernberg","8":"tag-1-fc-nuernberg","9":"tag-2-liga-spielbegegnung","10":"tag-bayern","11":"tag-de","12":"tag-deutschland","13":"tag-fussball","14":"tag-germany","15":"tag-grimaldi-adriano","16":"tag-nuernberg","17":"tag-spobi-2-liga","18":"tag-sport-leuchtturm-muenchen","19":"tag-texttospeech","20":"tag-vfl-bochum"},"share_on_mastodon":{"url":"https:\/\/pubeurope.com\/@de\/115241661620363691","error":""},"_links":{"self":[{"href":"https:\/\/www.europesays.com\/de\/wp-json\/wp\/v2\/posts\/439521","targetHints":{"allow":["GET"]}}],"collection":[{"href":"https:\/\/www.europesays.com\/de\/wp-json\/wp\/v2\/posts"}],"about":[{"href":"https:\/\/www.europesays.com\/de\/wp-json\/wp\/v2\/types\/post"}],"author":[{"embeddable":true,"href":"https:\/\/www.europesays.com\/de\/wp-json\/wp\/v2\/users\/2"}],"replies":[{"embeddable":true,"href":"https:\/\/www.europesays.com\/de\/wp-json\/wp\/v2\/comments?post=439521"}],"version-history":[{"count":0,"href":"https:\/\/www.europesays.com\/de\/wp-json\/wp\/v2\/posts\/439521\/revisions"}],"wp:featuredmedia":[{"embeddable":true,"href":"https:\/\/www.europesays.com\/de\/wp-json\/wp\/v2\/media\/439522"}],"wp:attachment":[{"href":"https:\/\/www.europesays.com\/de\/wp-json\/wp\/v2\/media?parent=439521"}],"wp:term":[{"taxonomy":"category","embeddable":true,"href":"https:\/\/www.europesays.com\/de\/wp-json\/wp\/v2\/categories?post=439521"},{"taxonomy":"post_tag","embeddable":true,"href":"https:\/\/www.europesays.com\/de\/wp-json\/wp\/v2\/tags?post=439521"}],"curies":[{"name":"wp","href":"https:\/\/api.w.org\/{rel}","templated":true}]}}