{"id":439530,"date":"2025-09-21T09:53:10","date_gmt":"2025-09-21T09:53:10","guid":{"rendered":"https:\/\/www.europesays.com\/de\/439530\/"},"modified":"2025-09-21T09:53:10","modified_gmt":"2025-09-21T09:53:10","slug":"unfall-auf-der-a28-fahranfaengerin-ueberschlaegt-sich-mit-vw-regional","status":"publish","type":"post","link":"https:\/\/www.europesays.com\/de\/439530\/","title":{"rendered":"Unfall auf der A28: Fahranf\u00e4ngerin \u00fcberschl\u00e4gt sich mit VW | Regional"},"content":{"rendered":"<p>Delmenhorst \u2013 <b>Ein Unfall auf der A28 endete glimpflich f\u00fcr eine junge Fahranf\u00e4ngerin.<\/b><\/p>\n<p>Am 20.09.2025 gegen 10:28 Uhr geriet eine 19-J\u00e4hrige aus der Grafschaft Bentheim auf der A28 in Richtung Delmenhorst zwischen den Anschlussstellen Hatten und Hude in Schwierigkeiten. Beim \u00dcberholen wechselte sie mit ihrem VW den Fahrstreifen und \u00fcbersah dabei einen Skoda, der von einem 41-j\u00e4hrigen Mann aus Wilhelmshaven gesteuert wurde.<\/p>\n<p>Auch interessant<\/p>\n<p>Anzeige<\/p>\n<p>Auch interessant<\/p>\n<p>Anzeige<\/p>\n<p>Der seitliche Zusammensto\u00df hatte fatale Folgen: Die junge Frau verlor die Kontrolle \u00fcber ihren Wagen, schleuderte nach rechts und kollidierte mit einem Hinweiszeichen. Ihr Auto \u00fcberschlug sich und kam schlie\u00dflich auf dem Dach zum Liegen. Gl\u00fcck im Ungl\u00fcck: Alle Beteiligten blieben unverletzt. Vorsorglich wurde die 19-J\u00e4hrige jedoch ins Krankenhaus gebracht.<\/p>\n<p>Der Unfall f\u00fchrte zu keiner gr\u00f6\u00dferen Verkehrsbehinderung, da nur der Seitenstreifen gesperrt werden musste. Der Schaden wird auf etwa 14.000 Euro gesch\u00e4tzt.<\/p>\n<p>Dieser Text basiert auf einer offiziellen Beh\u00f6rden-Information und wurde mit Hilfe von KI erstellt.<\/p>\n","protected":false},"excerpt":{"rendered":"Delmenhorst \u2013 Ein Unfall auf der A28 endete glimpflich f\u00fcr eine junge Fahranf\u00e4ngerin. Am 20.09.2025 gegen 10:28 Uhr&hellip;\n","protected":false},"author":2,"featured_media":419922,"comment_status":"","ping_status":"","sticky":false,"template":"","format":"standard","meta":{"footnotes":""},"categories":[1824],"tags":[2420,3364,15209,29,30,2509,45,2624],"class_list":{"0":"post-439530","1":"post","2":"type-post","3":"status-publish","4":"format-standard","5":"has-post-thumbnail","7":"category-bremen","8":"tag-bremen","9":"tag-de","10":"tag-delmenhorst","11":"tag-deutschland","12":"tag-germany","13":"tag-ki-ots","14":"tag-texttospeech","15":"tag-unfaelle"},"share_on_mastodon":{"url":"https:\/\/pubeurope.com\/@de\/115241681260051419","error":""},"_links":{"self":[{"href":"https:\/\/www.europesays.com\/de\/wp-json\/wp\/v2\/posts\/439530","targetHints":{"allow":["GET"]}}],"collection":[{"href":"https:\/\/www.europesays.com\/de\/wp-json\/wp\/v2\/posts"}],"about":[{"href":"https:\/\/www.europesays.com\/de\/wp-json\/wp\/v2\/types\/post"}],"author":[{"embeddable":true,"href":"https:\/\/www.europesays.com\/de\/wp-json\/wp\/v2\/users\/2"}],"replies":[{"embeddable":true,"href":"https:\/\/www.europesays.com\/de\/wp-json\/wp\/v2\/comments?post=439530"}],"version-history":[{"count":0,"href":"https:\/\/www.europesays.com\/de\/wp-json\/wp\/v2\/posts\/439530\/revisions"}],"wp:featuredmedia":[{"embeddable":true,"href":"https:\/\/www.europesays.com\/de\/wp-json\/wp\/v2\/media\/419922"}],"wp:attachment":[{"href":"https:\/\/www.europesays.com\/de\/wp-json\/wp\/v2\/media?parent=439530"}],"wp:term":[{"taxonomy":"category","embeddable":true,"href":"https:\/\/www.europesays.com\/de\/wp-json\/wp\/v2\/categories?post=439530"},{"taxonomy":"post_tag","embeddable":true,"href":"https:\/\/www.europesays.com\/de\/wp-json\/wp\/v2\/tags?post=439530"}],"curies":[{"name":"wp","href":"https:\/\/api.w.org\/{rel}","templated":true}]}}