{"id":439777,"date":"2025-09-21T12:18:12","date_gmt":"2025-09-21T12:18:12","guid":{"rendered":"https:\/\/www.europesays.com\/de\/439777\/"},"modified":"2025-09-21T12:18:12","modified_gmt":"2025-09-21T12:18:12","slug":"russland-fordert-nato-heraus-eurofighter-ueber-der-ostsee-politik","status":"publish","type":"post","link":"https:\/\/www.europesays.com\/de\/439777\/","title":{"rendered":"Russland fordert Nato heraus: Eurofighter \u00fcber der Ostsee | Politik"},"content":{"rendered":"<p>Berlin\/Rostock \u2013<b> Russland fordert die Nato erneut heraus. \u00dcber der Ostsee wurde am Wochenende eine Maschine ohne Flugplan und Funkkontakt geortet. Im Auftrag der <\/b><a href=\"https:\/\/www.bild.de\/politik\/ausland\/nato\/nato-alle-infos-79262508.bild.html\" class=\"text-link\" target=\"_blank\" rel=\"noopener\"><b>Nato<\/b><\/a><b> stiegen daraufhin vom Fliegerhorst Rostock-Lage zwei Eurofighter der Luftwaffe auf.<\/b><\/p>\n<p>Sie sp\u00fcrten die Maschine im internationalen Luftraum \u00fcber der <a href=\"https:\/\/www.bild.de\/regional\/ostsee\/home-O1xq8oqQGpREURRHzcKl\" class=\"text-link\" target=\"_blank\" rel=\"noopener\">Ostsee<\/a> auf. Per Sichtkontakt stellten die Piloten fest: Es handelte sich um eine alte Bekannte \u2013 ein russisches Aufkl\u00e4rungsflugzeug vom Typ Il-20M.<\/p>\n<p><img decoding=\"async\" width=\"992\" height=\"558\" alt=\"Ein Eurofighter begleitet eine Il-20M \u00fcber der Ostsee. Dieses Foto entstand am 26. August\" src=\"https:\/\/www.europesays.com\/de\/wp-content\/uploads\/2025\/09\/03b5a215687c86c10c2f8951d3dfe7b9,14e2cf30\"   class=\"landscape\" loading=\"lazy\"\/><\/p>\n<p class=\"fig__caption__text\">Ein Eurofighter begleitet eine Il-20M \u00fcber der Ostsee. Dieses Foto entstand am 26. August <\/p>\n<p>Foto: -\/Deutsche Luftwaffe\/dpa<\/p>\n<p><b>Die Propellermaschine stammt noch aus der Zeit der Sowjetunion. Sie wird wegen ihrer langen m\u00f6glichen Flugzeiten von <\/b><a href=\"https:\/\/www.bild.de\/politik\/ausland\/russland\/russland-alle-infos-79315672.bild.html\" class=\"text-link\" target=\"_blank\" rel=\"noopener\"><b>Russland<\/b><\/a><b> weiterhin eingesetzt, um per Radar und Funk Daten zu sammeln.<\/b><\/p>\n<p>Immer wieder werden nicht gemeldete Fl\u00fcge russischer Maschinen von den Nato-L\u00e4ndern an und \u00fcber der Ostsee entdeckt. Auch in anderen Gebieten provoziert Russland mit nicht genehmigten Fl\u00fcgen \u00fcber Nato-Gebiet.<\/p>\n<p>\u25ba Erst am Freitag drangen drei russische Kampfflugzeuge in den Luftraum von Estland ein.<\/p>\n<p>\u25ba Am 11. September <a href=\"https:\/\/www.bild.de\/politik\/ausland\/russland\/russland-alle-infos-79315672.bild.html\" class=\"text-link\" target=\"_blank\" rel=\"noopener\">schoss Polen eine russische Drohne<\/a> ab, die illegal in seinen Luftraum eingeflogen war.<\/p>\n<p>\u25ba Am 26. August dieses Jahres stellten zwei Eurofighter eine Il-20M \u00fcber der Ostsee fest.<\/p>\n<p>\u25ba Auch im M\u00e4rz dieses Jahres wurde eine Iljuschin bei einem Aufkl\u00e4rungsflug \u00fcber der Ostsee entdeckt.<\/p>\n<p>Mehr zum Thema<\/p>\n<p><b>Die russischen Aufkl\u00e4rungsflugzeuge haben in den allermeisten F\u00e4llen das Transpondersignal ausgeschaltet, das Flugstrecke, Geschwindigkeit, Flugh\u00f6he und Flugzeugtyp sendet.<\/b><\/p>\n","protected":false},"excerpt":{"rendered":"Berlin\/Rostock \u2013 Russland fordert die Nato erneut heraus. \u00dcber der Ostsee wurde am Wochenende eine Maschine ohne Flugplan&hellip;\n","protected":false},"author":2,"featured_media":439778,"comment_status":"","ping_status":"","sticky":false,"template":"","format":"standard","meta":{"footnotes":""},"categories":[4013],"tags":[331,332,13,15333,1480,14,1159,15,3082,4043,4044,850,307,12,45],"class_list":{"0":"post-439777","1":"post","2":"type-post","3":"status-publish","4":"format-standard","5":"has-post-thumbnail","7":"category-russland","8":"tag-aktuelle-nachrichten","9":"tag-aktuelle-news","10":"tag-headlines","11":"tag-kampfjets","12":"tag-luftwaffe","13":"tag-nachrichten","14":"tag-nato","15":"tag-news","16":"tag-putin-wladimir","17":"tag-russia","18":"tag-russian-federation","19":"tag-russische-foederation","20":"tag-russland","21":"tag-schlagzeilen","22":"tag-texttospeech"},"share_on_mastodon":{"url":"https:\/\/pubeurope.com\/@de\/115242251692293339","error":""},"_links":{"self":[{"href":"https:\/\/www.europesays.com\/de\/wp-json\/wp\/v2\/posts\/439777","targetHints":{"allow":["GET"]}}],"collection":[{"href":"https:\/\/www.europesays.com\/de\/wp-json\/wp\/v2\/posts"}],"about":[{"href":"https:\/\/www.europesays.com\/de\/wp-json\/wp\/v2\/types\/post"}],"author":[{"embeddable":true,"href":"https:\/\/www.europesays.com\/de\/wp-json\/wp\/v2\/users\/2"}],"replies":[{"embeddable":true,"href":"https:\/\/www.europesays.com\/de\/wp-json\/wp\/v2\/comments?post=439777"}],"version-history":[{"count":0,"href":"https:\/\/www.europesays.com\/de\/wp-json\/wp\/v2\/posts\/439777\/revisions"}],"wp:featuredmedia":[{"embeddable":true,"href":"https:\/\/www.europesays.com\/de\/wp-json\/wp\/v2\/media\/439778"}],"wp:attachment":[{"href":"https:\/\/www.europesays.com\/de\/wp-json\/wp\/v2\/media?parent=439777"}],"wp:term":[{"taxonomy":"category","embeddable":true,"href":"https:\/\/www.europesays.com\/de\/wp-json\/wp\/v2\/categories?post=439777"},{"taxonomy":"post_tag","embeddable":true,"href":"https:\/\/www.europesays.com\/de\/wp-json\/wp\/v2\/tags?post=439777"}],"curies":[{"name":"wp","href":"https:\/\/api.w.org\/{rel}","templated":true}]}}