{"id":439881,"date":"2025-09-21T13:19:10","date_gmt":"2025-09-21T13:19:10","guid":{"rendered":"https:\/\/www.europesays.com\/de\/439881\/"},"modified":"2025-09-21T13:19:10","modified_gmt":"2025-09-21T13:19:10","slug":"leichtathletik-wm-leo-neugebauer-holt-gold-im-zehnkampf","status":"publish","type":"post","link":"https:\/\/www.europesays.com\/de\/439881\/","title":{"rendered":"Leichtathletik-WM: Leo Neugebauer holt Gold im Zehnkampf"},"content":{"rendered":"<p>                    <strong>eilmeldung<\/strong><\/p>\n<p class=\"metatextline\">Stand: 21.09.2025 14:12 Uhr<\/p>\n<p class=\"textabsatz columns twelve  m-ten  m-offset-one l-eight l-offset-two\">\n        <strong>Leo Neugebauer hat bei der Leichtathletik-Weltmeisterschaft in Tokio die Goldmedaille gewonnen. Er ist der erste deutsche Weltmeister im Zehnkampf seit sechs Jahren.<\/strong>\n    <\/p>\n<p class=\"textabsatz m-ten m-offset-one l-eight l-offset-two columns twelve\">Leo Neugebauer ist neuer Weltmeister im Zehnkampf. Der 25-J\u00e4hrige gewann bei den Leichtathletik-Weltmeisterschaften in Tokio mit 8.804 Punkten. Er hatte am Schlusstag der Titelk\u00e4mpfe nach einem spannenden 1.500-Meter-Lauf einen Vorsprung von 20 Punkten auf Ayden Owens-Delerme aus Puerto Rico. Bronze gewann der Amerikaner Kyle Garland.<\/p>\n<p class=\"textabsatz m-ten m-offset-one l-eight l-offset-two columns twelve\">Der Mainzer Niklas Kaul, der bei der WM 2019 Gold gewonnen hatte, beendete den Wettkampf auf Rang 4.<\/p>\n<p>    Erster gro\u00dfer Titel f\u00fcr Neugebauer<\/p>\n<p class=\"textabsatz m-ten m-offset-one l-eight l-offset-two columns twelve\">Bei den Weltmeisterschaften vor zwei Jahren in Budapest war Neugebauer F\u00fcnfter geworden, nachdem er zur Halbzeit noch gef\u00fchrt hatte. Auch bei den Olympischen Spielen in Paris war er auf Goldkurs und gewann am Ende Silber. Diesmal setzte er sich erst im Speerwurf an die Spitze.<\/p>\n<p class=\"textabsatz m-ten m-offset-one l-eight l-offset-two columns twelve\">F\u00fcr Neugebauer ist es der erste gro\u00dfe Titel. Der in den USA lebende und f\u00fcr den VfB Stuttgart startende Mehrk\u00e4mpfer hatte im vergangenen Jahr den alten deutschen Rekord von J\u00fcrgen Hingsen aus dem Jahr 1984 auf 8.961 Punkte verbessert.<\/p>\n<p class=\"textabsatz m-ten m-offset-one l-eight l-offset-two columns twelve\">Weitere Informationen finden Sie bei sportschau.de:<\/p>\n","protected":false},"excerpt":{"rendered":"eilmeldung Stand: 21.09.2025 14:12 Uhr Leo Neugebauer hat bei der Leichtathletik-Weltmeisterschaft in Tokio die Goldmedaille gewonnen. Er ist&hellip;\n","protected":false},"author":2,"featured_media":439882,"comment_status":"","ping_status":"","sticky":false,"template":"","format":"standard","meta":{"footnotes":""},"categories":[5],"tags":[1764,13,87021,14,15,12,10,8,9,11,113611],"class_list":{"0":"post-439881","1":"post","2":"type-post","3":"status-publish","4":"format-standard","5":"has-post-thumbnail","7":"category-nachrichten","8":"tag-eilmeldung","9":"tag-headlines","10":"tag-leichtathletik-wm","11":"tag-nachrichten","12":"tag-news","13":"tag-schlagzeilen","14":"tag-top-news","15":"tag-top-meldungen","16":"tag-topmeldungen","17":"tag-topnews","18":"tag-zehnkampf"},"share_on_mastodon":{"url":"https:\/\/pubeurope.com\/@de\/115242491167882351","error":""},"_links":{"self":[{"href":"https:\/\/www.europesays.com\/de\/wp-json\/wp\/v2\/posts\/439881","targetHints":{"allow":["GET"]}}],"collection":[{"href":"https:\/\/www.europesays.com\/de\/wp-json\/wp\/v2\/posts"}],"about":[{"href":"https:\/\/www.europesays.com\/de\/wp-json\/wp\/v2\/types\/post"}],"author":[{"embeddable":true,"href":"https:\/\/www.europesays.com\/de\/wp-json\/wp\/v2\/users\/2"}],"replies":[{"embeddable":true,"href":"https:\/\/www.europesays.com\/de\/wp-json\/wp\/v2\/comments?post=439881"}],"version-history":[{"count":0,"href":"https:\/\/www.europesays.com\/de\/wp-json\/wp\/v2\/posts\/439881\/revisions"}],"wp:featuredmedia":[{"embeddable":true,"href":"https:\/\/www.europesays.com\/de\/wp-json\/wp\/v2\/media\/439882"}],"wp:attachment":[{"href":"https:\/\/www.europesays.com\/de\/wp-json\/wp\/v2\/media?parent=439881"}],"wp:term":[{"taxonomy":"category","embeddable":true,"href":"https:\/\/www.europesays.com\/de\/wp-json\/wp\/v2\/categories?post=439881"},{"taxonomy":"post_tag","embeddable":true,"href":"https:\/\/www.europesays.com\/de\/wp-json\/wp\/v2\/tags?post=439881"}],"curies":[{"name":"wp","href":"https:\/\/api.w.org\/{rel}","templated":true}]}}