{"id":43999,"date":"2025-04-19T09:23:13","date_gmt":"2025-04-19T09:23:13","guid":{"rendered":"https:\/\/www.europesays.com\/de\/43999\/"},"modified":"2025-04-19T09:23:13","modified_gmt":"2025-04-19T09:23:13","slug":"jedes-dritte-unternehmen-plant-2025-beschaeftigungsabbau","status":"publish","type":"post","link":"https:\/\/www.europesays.com\/de\/43999\/","title":{"rendered":"Jedes dritte Unternehmen plant 2025 Besch\u00e4ftigungsabbau"},"content":{"rendered":"<p>Mehr als drei von zehn Unternehmen in Deutschland gehen davon aus, dass sie in diesem Jahr Stellen abbauen. In einer Konjunkturumfrage des arbeitgebernahen Instituts der deutschen Wirtschaft (IW) in K\u00f6ln antworteten 35 Prozent der Unternehmen, dass sie 2025 von einem Besch\u00e4ftigungsabbau ausgingen. Nur 24 Prozent planten hingegen, mehr Mitarbeiter einzustellen. Das IW befragte im M\u00e4rz und April 2025 rund 2.000 Firmen zu ihren Gesch\u00e4ftserwartungen. <\/p>\n<p>Bei der gleichen Umfrage im vergangenen Herbst waren die Unternehmer noch pessimistischer: Damals planten 38 Prozent mit einem Besch\u00e4ftigungsabbau und nur 17 Prozent mit einem Aufbau. <\/p>\n<p>Besonders hoch war in der aktuellen Fr\u00fchjahrsumfrage der Anteil der pessimistischen Unternehmen in der Industrie: Hier erwarten 42 Prozent, im Laufe dieses Jahres Stellen abbauen zu m\u00fcssen (Stellenaufbau: 20 Prozent). Im Dienstleistungsgewerbe waren es dagegen nur 21 Prozent (Aufbau: 36 Prozent). <\/p>\n<p>          &#13;<br \/>\n              Geopolitische Konflikte schw\u00e4chen Weltwirtschaft <\/p>\n<p>\u201eNach wie vor leidet die deutsche Industrie unter den geopolitischen Konflikten und der damit einhergehenden schw\u00e4cheren Weltwirtschaft\u201c, hei\u00dft es in der Studie. \u201eDie Unw\u00e4gbarkeiten der neuen US-Regierung versch\u00e4rfen dies.\u201c Hohe Energie-, Regulierungs- und Arbeitskosten schw\u00e4chten zudem die Wettbewerbsf\u00e4higkeit und damit das deutsche Auslandsgesch\u00e4ft der Unternehmen. <\/p>\n<p>Zwar galt im Befragungszeitraum noch keine der \u2013 ohnehin relativ unklaren und schon mehrfach ge\u00e4nderten \u2013 Zollregelungen, \u201edas Exportklima war aber schon vorher vergiftet\u201c, hei\u00dft es in der Mitteilung zur Studie. \u201eDer Zollkrieg belastet das Tagesgesch\u00e4ft enorm\u201c, sagt IW-Konjunkturchef Michael Gr\u00f6mling. \u201e(US-Pr\u00e4sident) Donald Trumps Launen kommen zu einer Unzeit und sind eine H\u00e4rtepr\u00fcfung f\u00fcr die deutsche Wirtschaft.\u201c <\/p>\n","protected":false},"excerpt":{"rendered":"Mehr als drei von zehn Unternehmen in Deutschland gehen davon aus, dass sie in diesem Jahr Stellen abbauen.&hellip;\n","protected":false},"author":2,"featured_media":44000,"comment_status":"","ping_status":"","sticky":false,"template":"","format":"standard","meta":{"footnotes":""},"categories":[1828],"tags":[1140,29,30,1420,10268,1209,173],"class_list":{"0":"post-43999","1":"post","2":"type-post","3":"status-publish","4":"format-standard","5":"has-post-thumbnail","7":"category-koeln","8":"tag-arbeit","9":"tag-deutschland","10":"tag-germany","11":"tag-koeln","12":"tag-konjunktur","13":"tag-nordrhein-westfalen","14":"tag-unternehmen"},"share_on_mastodon":{"url":"https:\/\/pubeurope.com\/@de\/114363905096646558","error":""},"_links":{"self":[{"href":"https:\/\/www.europesays.com\/de\/wp-json\/wp\/v2\/posts\/43999","targetHints":{"allow":["GET"]}}],"collection":[{"href":"https:\/\/www.europesays.com\/de\/wp-json\/wp\/v2\/posts"}],"about":[{"href":"https:\/\/www.europesays.com\/de\/wp-json\/wp\/v2\/types\/post"}],"author":[{"embeddable":true,"href":"https:\/\/www.europesays.com\/de\/wp-json\/wp\/v2\/users\/2"}],"replies":[{"embeddable":true,"href":"https:\/\/www.europesays.com\/de\/wp-json\/wp\/v2\/comments?post=43999"}],"version-history":[{"count":0,"href":"https:\/\/www.europesays.com\/de\/wp-json\/wp\/v2\/posts\/43999\/revisions"}],"wp:featuredmedia":[{"embeddable":true,"href":"https:\/\/www.europesays.com\/de\/wp-json\/wp\/v2\/media\/44000"}],"wp:attachment":[{"href":"https:\/\/www.europesays.com\/de\/wp-json\/wp\/v2\/media?parent=43999"}],"wp:term":[{"taxonomy":"category","embeddable":true,"href":"https:\/\/www.europesays.com\/de\/wp-json\/wp\/v2\/categories?post=43999"},{"taxonomy":"post_tag","embeddable":true,"href":"https:\/\/www.europesays.com\/de\/wp-json\/wp\/v2\/tags?post=43999"}],"curies":[{"name":"wp","href":"https:\/\/api.w.org\/{rel}","templated":true}]}}