{"id":440318,"date":"2025-09-21T17:27:19","date_gmt":"2025-09-21T17:27:19","guid":{"rendered":"https:\/\/www.europesays.com\/de\/440318\/"},"modified":"2025-09-21T17:27:19","modified_gmt":"2025-09-21T17:27:19","slug":"drei-reanimationen-und-44-grad-koerpertemperatur","status":"publish","type":"post","link":"https:\/\/www.europesays.com\/de\/440318\/","title":{"rendered":"Drei Reanimationen und 44 Grad K\u00f6rpertemperatur"},"content":{"rendered":"<p class=\"tspB8m0 tspB8m1\">Beim Berlin-Marathon k\u00e4mpften die rund 55.000 Teilnehmenden mit den Temperaturen. 27 Grad und schw\u00fcle Luft erschwerten es nicht nur den Amateurl\u00e4ufern, sondern auch den Profis, bis ins Ziel zu kommen. Bereits beim Start um 9.15 Uhr betrug die Luftfeuchtigkeit 61 Prozent. <a href=\"https:\/\/www.tagesspiegel.de\/sport\/sommerwetter-beim-berlin-marathon-veranstalter-warnt-laufer-vor-uberhitzung--und-stellt-duschen-auf-14355749.html?icid=in-text-link_14363006\" class=\"link link--internal\" data-gtm-class=\"article-text-link\" data-gtm-val=\"internal\" rel=\"nofollow noopener\" target=\"_blank\">\u201eEs ist extrem\u201c, sagte Margrit Lock, die als \u00c4rztin des medizinischen Teams t\u00e4tig war. <\/a>\u201eSogar einige Topathleten geben auf \u2013 nicht wegen des mangelnden Trainings, sondern wegen der Bedingungen. Sie k\u00f6nnen keine Spitzenleistungen abrufen.\u201c<\/p>\n","protected":false},"excerpt":{"rendered":"Beim Berlin-Marathon k\u00e4mpften die rund 55.000 Teilnehmenden mit den Temperaturen. 27 Grad und schw\u00fcle Luft erschwerten es nicht&hellip;\n","protected":false},"author":2,"featured_media":440319,"comment_status":"","ping_status":"","sticky":false,"template":"","format":"standard","meta":{"footnotes":""},"categories":[5],"tags":[5338,13,14,15,12,10,8,9,11],"class_list":{"0":"post-440318","1":"post","2":"type-post","3":"status-publish","4":"format-standard","5":"has-post-thumbnail","7":"category-nachrichten","8":"tag-berlin-marathon","9":"tag-headlines","10":"tag-nachrichten","11":"tag-news","12":"tag-schlagzeilen","13":"tag-top-news","14":"tag-top-meldungen","15":"tag-topmeldungen","16":"tag-topnews"},"share_on_mastodon":{"url":"https:\/\/pubeurope.com\/@de\/115243466403280023","error":""},"_links":{"self":[{"href":"https:\/\/www.europesays.com\/de\/wp-json\/wp\/v2\/posts\/440318","targetHints":{"allow":["GET"]}}],"collection":[{"href":"https:\/\/www.europesays.com\/de\/wp-json\/wp\/v2\/posts"}],"about":[{"href":"https:\/\/www.europesays.com\/de\/wp-json\/wp\/v2\/types\/post"}],"author":[{"embeddable":true,"href":"https:\/\/www.europesays.com\/de\/wp-json\/wp\/v2\/users\/2"}],"replies":[{"embeddable":true,"href":"https:\/\/www.europesays.com\/de\/wp-json\/wp\/v2\/comments?post=440318"}],"version-history":[{"count":0,"href":"https:\/\/www.europesays.com\/de\/wp-json\/wp\/v2\/posts\/440318\/revisions"}],"wp:featuredmedia":[{"embeddable":true,"href":"https:\/\/www.europesays.com\/de\/wp-json\/wp\/v2\/media\/440319"}],"wp:attachment":[{"href":"https:\/\/www.europesays.com\/de\/wp-json\/wp\/v2\/media?parent=440318"}],"wp:term":[{"taxonomy":"category","embeddable":true,"href":"https:\/\/www.europesays.com\/de\/wp-json\/wp\/v2\/categories?post=440318"},{"taxonomy":"post_tag","embeddable":true,"href":"https:\/\/www.europesays.com\/de\/wp-json\/wp\/v2\/tags?post=440318"}],"curies":[{"name":"wp","href":"https:\/\/api.w.org\/{rel}","templated":true}]}}