{"id":440631,"date":"2025-09-21T20:37:25","date_gmt":"2025-09-21T20:37:25","guid":{"rendered":"https:\/\/www.europesays.com\/de\/440631\/"},"modified":"2025-09-21T20:37:25","modified_gmt":"2025-09-21T20:37:25","slug":"wuelfrath-bietet-workshop-nur-fuer-frauen-zum-thema-haussanierung-an","status":"publish","type":"post","link":"https:\/\/www.europesays.com\/de\/440631\/","title":{"rendered":"W\u00fclfrath bietet Workshop nur f\u00fcr Frauen zum Thema Haussanierung an"},"content":{"rendered":"<p class=\"text_ohne_einzug richtext text-em-55 !leading-serif mx-6 desktop:mx-0\">  F\u00fcr die Besch\u00e4ftigung mit dem eigenen Haus kann es viele Gr\u00fcnde geben: sich ver\u00e4ndernde Lebensumst\u00e4nde, Generationenwechsel oder schlicht der Wunsch, etwas f\u00fcr eine nachhaltige Zukunft zu tun. Aber wo anfangen, angesichts der F\u00fclle an W\u00fcnschen und Angeboten? Der Workshop \u201eMein Geb\u00e4ude auf Zukunftskurs\u201c findet am Donnerstag, 2. Oktober, im Rathaus <a href=\"https:\/\/rp-online.de\/thema\/wuelfrath\/\" target=\"_blank\" rel=\"noopener\">W\u00fclfrath<\/a> im gro\u00dfen Sitzungssaal, Am Rathaus 1, statt und geht von 17 bis 19 Uhr.<\/p>\n","protected":false},"excerpt":{"rendered":"F\u00fcr die Besch\u00e4ftigung mit dem eigenen Haus kann es viele Gr\u00fcnde geben: sich ver\u00e4ndernde Lebensumst\u00e4nde, Generationenwechsel oder schlicht&hellip;\n","protected":false},"author":2,"featured_media":440632,"comment_status":"","ping_status":"","sticky":false,"template":"","format":"standard","meta":{"footnotes":""},"categories":[1840],"tags":[3364,29,30,5213,114324,114323,15946,34099,1209,2218,6990,27167,4418],"class_list":{"0":"post-440631","1":"post","2":"type-post","3":"status-publish","4":"format-standard","5":"has-post-thumbnail","7":"category-wuppertal","8":"tag-de","9":"tag-deutschland","10":"tag-germany","11":"tag-haus","12":"tag-haussanierung","13":"tag-haussarnierung","14":"tag-mettmann","15":"tag-moeglichkeiten","16":"tag-nordrhein-westfalen","17":"tag-rathaus","18":"tag-workshop","19":"tag-wuelfrath","20":"tag-wuppertal"},"share_on_mastodon":{"url":"https:\/\/pubeurope.com\/@de\/115244213506857657","error":""},"_links":{"self":[{"href":"https:\/\/www.europesays.com\/de\/wp-json\/wp\/v2\/posts\/440631","targetHints":{"allow":["GET"]}}],"collection":[{"href":"https:\/\/www.europesays.com\/de\/wp-json\/wp\/v2\/posts"}],"about":[{"href":"https:\/\/www.europesays.com\/de\/wp-json\/wp\/v2\/types\/post"}],"author":[{"embeddable":true,"href":"https:\/\/www.europesays.com\/de\/wp-json\/wp\/v2\/users\/2"}],"replies":[{"embeddable":true,"href":"https:\/\/www.europesays.com\/de\/wp-json\/wp\/v2\/comments?post=440631"}],"version-history":[{"count":0,"href":"https:\/\/www.europesays.com\/de\/wp-json\/wp\/v2\/posts\/440631\/revisions"}],"wp:featuredmedia":[{"embeddable":true,"href":"https:\/\/www.europesays.com\/de\/wp-json\/wp\/v2\/media\/440632"}],"wp:attachment":[{"href":"https:\/\/www.europesays.com\/de\/wp-json\/wp\/v2\/media?parent=440631"}],"wp:term":[{"taxonomy":"category","embeddable":true,"href":"https:\/\/www.europesays.com\/de\/wp-json\/wp\/v2\/categories?post=440631"},{"taxonomy":"post_tag","embeddable":true,"href":"https:\/\/www.europesays.com\/de\/wp-json\/wp\/v2\/tags?post=440631"}],"curies":[{"name":"wp","href":"https:\/\/api.w.org\/{rel}","templated":true}]}}