{"id":440637,"date":"2025-09-21T20:40:15","date_gmt":"2025-09-21T20:40:15","guid":{"rendered":"https:\/\/www.europesays.com\/de\/440637\/"},"modified":"2025-09-21T20:40:15","modified_gmt":"2025-09-21T20:40:15","slug":"fw-bo-feuer-mit-menschenleben-in-gefahr-in-der-bochumer-innenstadt-gemeldet","status":"publish","type":"post","link":"https:\/\/www.europesays.com\/de\/440637\/","title":{"rendered":"FW-BO: Feuer mit Menschenleben in Gefahr in der Bochumer Innenstadt gemeldet"},"content":{"rendered":"<p class=\"date\">21.09.2025 \u2013 21:19<\/p>\n<p class=\"customer\">\n                        <a class=\"story-customer\" title=\"weiter zum newsroom von Feuerwehr Bochum\" href=\"https:\/\/www.presseportal.de\/blaulicht\/nr\/115868\" rel=\"nofollow noopener\" target=\"_blank\">Feuerwehr Bochum<\/a>\n                    <\/p>\n<p><a class=\"glightbox event-trigger\" href=\"https:\/\/cache.pressmailing.net\/thumbnail\/story_hires\/cffc4fba-4ba4-477b-99bb-21b245c63198\/27ED9BAB-6EBD-4FBD-9~geDocumentImage.jpg.jpg\" data-description=\"Einsatzstelle Schmidtstra\u00dfe\" data-category=\"medialightbox\" data-action=\"click\" data-label=\"single\" data-value=\"68d04fdc270000fd2c84cee5\" rel=\"nofollow noopener\" target=\"_blank\"><img decoding=\"async\" height=\"540\" with=\"720\" src=\"https:\/\/www.europesays.com\/de\/wp-content\/uploads\/2025\/09\/fw-bo-feuer-mit-menschenleben-in-gefahr-in-der-bochumer-innenstadt-gemeldet.jpeg\"   alt=\"FW-BO: Feuer mit Menschenleben in Gefahr in der Bochumer Innenstadt gemeldet\" class=\"single\"\/><\/a><\/p>\n<p><a data-category=\"citylink-story-view\" data-action=\"click\" data-label=\"Citylink in Meldungsansicht\" class=\"story-city event-trigger\" href=\"https:\/\/www.presseportal.de\/regional\/Bochum\" title=\"News aus Bochum \" rel=\"nofollow noopener\" target=\"_blank\">Bochum<\/a> (ots)<\/p>\n<p>Am Sonntagabend wurde die Feuerwehr Bochum zu einem Feuer in der Innenstadt gerufen. Laut Anrufer brannte es in einer Wohnung in einem Mehrfamilienhaus. Eine Person wurde verletzt ins Krankenhaus gebraucht.<\/p>\n<p>Gegen 20:00Uhr wurde der Leitstelle der Feuerwehr Bochum ein Feuer in der Schmidtstra\u00dfe gemeldet. In der Wohnung eines Mehrfamilienhauses sei ein Brand ausgebrochen. Das Treppenhaus sei verraucht und mehrere Personen bef\u00e4nden sich in den Wohnungen.<br \/>\nBeim Eintreffen der Feuerwehr stellte sich die Situation dar, wie durch die Anrufe beschrieben. Das Feuer in einer Erdgeschosswohnung konnte schnell gel\u00f6scht werden. Die Bewohnerinnen und Bewohner des Hauses hatten sich vor dem Eintreffen der Feuerwehr eigenst\u00e4ndig ins Freie gebracht. Hierbei kam eine Person mit Brandrauch in Kontakt und wurde ins Krankenhaus transportiert.<br \/>\nDie Schmidtstra\u00dfe war w\u00e4hrend der L\u00f6schma\u00dfnahmen vollst\u00e4ndig gesperrt.<\/p>\n<p class=\"contact-headline\">R\u00fcckfragen bitte an:<\/p>\n<p class=\"contact-text\">R\u00fcckfragen bitte an:<\/p>\n<p>Feuerwehr Bochum<br \/>E-Mail: <a href=\"https:\/\/www.presseportal.de\/blaulicht\/pm\/115868\/mailto: feuerwehr-pressestelle@bochum.de\" class=\"uri-mailto\" rel=\"nofollow noopener\" target=\"_blank\"> feuerwehr-pressestelle@bochum.de<\/a><br \/>Telefon: +49 (0)234 9254-978<br \/>Verfasser: Tobias Krebber<br \/><a target=\"_blank\" class=\"uri-ext outbound\" rel=\"noopener nofollow\" href=\"https:\/\/www.bochum.de\/Feuerwehr\">https:\/\/www.bochum.de\/Feuerwehr<\/a><\/p>\n<p class=\"originator\">Original-Content von: Feuerwehr Bochum, \u00fcbermittelt durch news aktuell<\/p>\n","protected":false},"excerpt":{"rendered":"21.09.2025 \u2013 21:19 Feuerwehr Bochum Bochum (ots) Am Sonntagabend wurde die Feuerwehr Bochum zu einem Feuer in der&hellip;\n","protected":false},"author":2,"featured_media":440638,"comment_status":"","ping_status":"","sticky":false,"template":"","format":"standard","meta":{"footnotes":""},"categories":[1839],"tags":[7507,2919,3364,29,985,30,1209,176,178,180,179,181],"class_list":{"0":"post-440637","1":"post","2":"type-post","3":"status-publish","4":"format-standard","5":"has-post-thumbnail","7":"category-bochum","8":"tag-bochum","9":"tag-brand","10":"tag-de","11":"tag-deutschland","12":"tag-feuerwehr","13":"tag-germany","14":"tag-nordrhein-westfalen","15":"tag-nrw","16":"tag-presse","17":"tag-pressemeldung","18":"tag-pressemitteilung","19":"tag-pressemitteilungen"},"share_on_mastodon":{"url":"https:\/\/pubeurope.com\/@de\/115244226145015513","error":""},"_links":{"self":[{"href":"https:\/\/www.europesays.com\/de\/wp-json\/wp\/v2\/posts\/440637","targetHints":{"allow":["GET"]}}],"collection":[{"href":"https:\/\/www.europesays.com\/de\/wp-json\/wp\/v2\/posts"}],"about":[{"href":"https:\/\/www.europesays.com\/de\/wp-json\/wp\/v2\/types\/post"}],"author":[{"embeddable":true,"href":"https:\/\/www.europesays.com\/de\/wp-json\/wp\/v2\/users\/2"}],"replies":[{"embeddable":true,"href":"https:\/\/www.europesays.com\/de\/wp-json\/wp\/v2\/comments?post=440637"}],"version-history":[{"count":0,"href":"https:\/\/www.europesays.com\/de\/wp-json\/wp\/v2\/posts\/440637\/revisions"}],"wp:featuredmedia":[{"embeddable":true,"href":"https:\/\/www.europesays.com\/de\/wp-json\/wp\/v2\/media\/440638"}],"wp:attachment":[{"href":"https:\/\/www.europesays.com\/de\/wp-json\/wp\/v2\/media?parent=440637"}],"wp:term":[{"taxonomy":"category","embeddable":true,"href":"https:\/\/www.europesays.com\/de\/wp-json\/wp\/v2\/categories?post=440637"},{"taxonomy":"post_tag","embeddable":true,"href":"https:\/\/www.europesays.com\/de\/wp-json\/wp\/v2\/tags?post=440637"}],"curies":[{"name":"wp","href":"https:\/\/api.w.org\/{rel}","templated":true}]}}