{"id":440664,"date":"2025-09-21T20:55:11","date_gmt":"2025-09-21T20:55:11","guid":{"rendered":"https:\/\/www.europesays.com\/de\/440664\/"},"modified":"2025-09-21T20:55:11","modified_gmt":"2025-09-21T20:55:11","slug":"fussball-nuernberger-gefuehls-explosion-bayern","status":"publish","type":"post","link":"https:\/\/www.europesays.com\/de\/440664\/","title":{"rendered":"Fu\u00dfball: N\u00fcrnberger Gef\u00fchls-Explosion &#8211; Bayern"},"content":{"rendered":"<p>Die Leidensf\u00e4higkeit der Fans des <a href=\"https:\/\/www.frankenpost.de\/thema\/1._FC_N%C3%BCrnberg\" title=\"1. FC N\u00fcrnberg\" class=\"art_thema\" rel=\"nofollow noopener\" target=\"_blank\">1. FC N\u00fcrnberg<\/a> wurde in dieser Saison bislang auf eine harte Probe gestellt. Immer dann, wenn die Nachspielzeit zuletzt anbrach und die Partien in der 2. Fu\u00dfball-Bundesliga noch nicht entschieden waren, schwante den Club-Fans Schlimmes. Doch es geht auch anders. Am Samstagabend war es Adriano Grimaldi, der in der Nachspielzeit den 2:1-Siegtreffer f\u00fcr die N\u00fcrnberger gegen den VfL Bochum erzielte. Danach wurde das mit knapp 34000 Zuschauern gut besuchte Max-Morlock-Stadion zum Tollhaus. Der erste Saisonsieg l\u00f6ste die emotionalen Bremsen, die der bisherige Fehlstart gedr\u00fcckt hatte. <\/p>\n","protected":false},"excerpt":{"rendered":"Die Leidensf\u00e4higkeit der Fans des 1. FC N\u00fcrnberg wurde in dieser Saison bislang auf eine harte Probe gestellt.&hellip;\n","protected":false},"author":2,"featured_media":440665,"comment_status":"","ping_status":"","sticky":false,"template":"","format":"standard","meta":{"footnotes":""},"categories":[1837],"tags":[783,621,772,3364,29,30,3783,5900],"class_list":{"0":"post-440664","1":"post","2":"type-post","3":"status-publish","4":"format-standard","5":"has-post-thumbnail","7":"category-nuernberg","8":"tag-1-fc-nuernberg","9":"tag-2-bundesliga","10":"tag-bayern","11":"tag-de","12":"tag-deutschland","13":"tag-germany","14":"tag-nuernberg","15":"tag-themasport"},"share_on_mastodon":{"url":"https:\/\/pubeurope.com\/@de\/115244284312797646","error":""},"_links":{"self":[{"href":"https:\/\/www.europesays.com\/de\/wp-json\/wp\/v2\/posts\/440664","targetHints":{"allow":["GET"]}}],"collection":[{"href":"https:\/\/www.europesays.com\/de\/wp-json\/wp\/v2\/posts"}],"about":[{"href":"https:\/\/www.europesays.com\/de\/wp-json\/wp\/v2\/types\/post"}],"author":[{"embeddable":true,"href":"https:\/\/www.europesays.com\/de\/wp-json\/wp\/v2\/users\/2"}],"replies":[{"embeddable":true,"href":"https:\/\/www.europesays.com\/de\/wp-json\/wp\/v2\/comments?post=440664"}],"version-history":[{"count":0,"href":"https:\/\/www.europesays.com\/de\/wp-json\/wp\/v2\/posts\/440664\/revisions"}],"wp:featuredmedia":[{"embeddable":true,"href":"https:\/\/www.europesays.com\/de\/wp-json\/wp\/v2\/media\/440665"}],"wp:attachment":[{"href":"https:\/\/www.europesays.com\/de\/wp-json\/wp\/v2\/media?parent=440664"}],"wp:term":[{"taxonomy":"category","embeddable":true,"href":"https:\/\/www.europesays.com\/de\/wp-json\/wp\/v2\/categories?post=440664"},{"taxonomy":"post_tag","embeddable":true,"href":"https:\/\/www.europesays.com\/de\/wp-json\/wp\/v2\/tags?post=440664"}],"curies":[{"name":"wp","href":"https:\/\/api.w.org\/{rel}","templated":true}]}}