{"id":441047,"date":"2025-09-22T00:38:27","date_gmt":"2025-09-22T00:38:27","guid":{"rendered":"https:\/\/www.europesays.com\/de\/441047\/"},"modified":"2025-09-22T00:38:27","modified_gmt":"2025-09-22T00:38:27","slug":"naehkurs-aus-alt-mach-neu","status":"publish","type":"post","link":"https:\/\/www.europesays.com\/de\/441047\/","title":{"rendered":"N\u00e4hkurs \u201eAus alt mach neu!\u201c"},"content":{"rendered":"<p class=\"paragraph --regular --color\" data-v-a4a747d8=\"\" data-v-0c32301e=\"\">Taunusstein (Kreis Rheingau-Taunus). Die Volkshochschule bietet in Hahn einen N\u00e4hkurs an, bei dem aus alten Kleidungsst\u00fccken neue Dinge entstehen k\u00f6nnen. Aus einem Sweatshirt wird ein Kindershirt, aus Jeans und T-Shirt eine Tasche. Der Kurs soll f\u00fcr Anf\u00e4nger wie f\u00fcr Ge\u00fcbte geeignet sein und umfasst sechs Abende ab Dienstag, 30. September, jeweils von 19 bis 21.30 Uhr. Die eigene N\u00e4hmaschine und Materialien sind mitzubringen. Eine Anmeldung \u00fcber www.vhs-rtk.de oder Telefon 06128-927739 ist erforderlich.<\/p>\n","protected":false},"excerpt":{"rendered":"Taunusstein (Kreis Rheingau-Taunus). Die Volkshochschule bietet in Hahn einen N\u00e4hkurs an, bei dem aus alten Kleidungsst\u00fccken neue Dinge&hellip;\n","protected":false},"author":2,"featured_media":67933,"comment_status":"","ping_status":"","sticky":false,"template":"","format":"standard","meta":{"footnotes":""},"categories":[1847],"tags":[3364,29,548,663,3934,30,13,2052,11188,14,15,10236,11189,12,11190,4544],"class_list":{"0":"post-441047","1":"post","2":"type-post","3":"status-publish","4":"format-standard","5":"has-post-thumbnail","7":"category-wiesbaden","8":"tag-de","9":"tag-deutschland","10":"tag-eu","11":"tag-europa","12":"tag-europe","13":"tag-germany","14":"tag-headlines","15":"tag-hessen","16":"tag-main-taunus","17":"tag-nachrichten","18":"tag-news","19":"tag-rhein-main","20":"tag-rheingau","21":"tag-schlagzeilen","22":"tag-untertaunus","23":"tag-wiesbaden"},"share_on_mastodon":{"url":"https:\/\/pubeurope.com\/@de\/115245161374011729","error":""},"_links":{"self":[{"href":"https:\/\/www.europesays.com\/de\/wp-json\/wp\/v2\/posts\/441047","targetHints":{"allow":["GET"]}}],"collection":[{"href":"https:\/\/www.europesays.com\/de\/wp-json\/wp\/v2\/posts"}],"about":[{"href":"https:\/\/www.europesays.com\/de\/wp-json\/wp\/v2\/types\/post"}],"author":[{"embeddable":true,"href":"https:\/\/www.europesays.com\/de\/wp-json\/wp\/v2\/users\/2"}],"replies":[{"embeddable":true,"href":"https:\/\/www.europesays.com\/de\/wp-json\/wp\/v2\/comments?post=441047"}],"version-history":[{"count":0,"href":"https:\/\/www.europesays.com\/de\/wp-json\/wp\/v2\/posts\/441047\/revisions"}],"wp:featuredmedia":[{"embeddable":true,"href":"https:\/\/www.europesays.com\/de\/wp-json\/wp\/v2\/media\/67933"}],"wp:attachment":[{"href":"https:\/\/www.europesays.com\/de\/wp-json\/wp\/v2\/media?parent=441047"}],"wp:term":[{"taxonomy":"category","embeddable":true,"href":"https:\/\/www.europesays.com\/de\/wp-json\/wp\/v2\/categories?post=441047"},{"taxonomy":"post_tag","embeddable":true,"href":"https:\/\/www.europesays.com\/de\/wp-json\/wp\/v2\/tags?post=441047"}],"curies":[{"name":"wp","href":"https:\/\/api.w.org\/{rel}","templated":true}]}}