{"id":441057,"date":"2025-09-22T00:44:28","date_gmt":"2025-09-22T00:44:28","guid":{"rendered":"https:\/\/www.europesays.com\/de\/441057\/"},"modified":"2025-09-22T00:44:28","modified_gmt":"2025-09-22T00:44:28","slug":"volksbank-muenster-marathon-2025-antenne-muenster","status":"publish","type":"post","link":"https:\/\/www.europesays.com\/de\/441057\/","title":{"rendered":"Volksbank M\u00fcnster Marathon 2025 &#8211; Antenne M\u00fcnster"},"content":{"rendered":"<p class=\"small date article__date\">Ver\u00f6ffentlicht:\u00a0Sonntag, 21.09.2025 20:00<\/p>\n<p>\u00dcber 12.000 Teilnehmer:innen, jubelnde Fans an der Strecke und eine Party auf dem Prinzipalmarkt. Das war der Volksbank M\u00fcnster Marathon 2025. <\/p>\n<p><img decoding=\"async\" alt=\"\" src=\"https:\/\/www.europesays.com\/de\/wp-content\/uploads\/2025\/09\/die-nicht-ganz-so-fantastischen-vier-v2.jpg&#038;resize=1280x800&#038;dt=202509212000340.jpeg\" data-size=\"1280x800\"\/>\u00a9 ANTENNE M\u00dcNSTER<\/p>\n<p>Das Publikum am Schlossplatz z\u00e4hlt von 10 runter, dann starten 3.500 Marathonis und kurz darauf auch die Staffell\u00e4ufer:innen um 9 Uhr in den M\u00fcnster Marathon. Auch dieses Jahr ist die Stimmung wieder fantastisch, vor allem rund um die vielen B\u00fchnen in und um M\u00fcnster. Auf der Strecke durch die Innenstadt, \u00fcber den Aasee bis nach Nienberge und Roxel supporten die M\u00fcnsteraner und M\u00fcnsteranerinnen die Athlet:innen. Um kurz nach 11 Uhr kommt dann auch schon <strong style=\"color: rgb(50, 50, 50);\">Samuel Kiplimo Naibei<\/strong>\u00a0auf der legend\u00e4ren Zielgeraden am Prinzipalmarkt an. Der Kenianer verpasst mit einer \u00fcberragenden Zeit von 02:09:20 haarscharf den Streckenrekord. Schnellste Frau wird die \u00c4thiopierin\u00a0<strong style=\"color: rgb(50, 50, 50);\">Aberash Fayesa<\/strong>\u00a0mit 02:29:21. F\u00fcr einen ganz besonderen Moment sorgt M\u00fcnsteraner <strong style=\"color: rgb(50, 50, 50);\">Manuel Kruse<\/strong>. Als schnellster Deutscher und unter tosendem Applaus des gesamten Prinzipalmarkts erreicht er nach 02:23:53 die Ziellinie.<\/p>\n<p>Veranstalter Michael Brinkmann ist im ANTENNE M\u00dcNSTER-Interview beeindruckt von der Leistungen der Athlet:innen: <\/p>\n<blockquote><p>Auch wenn der Streckenrekord nicht eingestellt wurde, war das Niveau dieses Jahr extrem hoch. Viele waren nur leicht unter dem Streckenrekord und wir hatten auch viele Deutsche, die im Bereich 2 Stunden und 20 bis 30 Minuten gelaufen sind. Das hatten wir sonst nicht. <\/p><\/blockquote>\n<p>Unsere ANTENNE M\u00dcNSTER-Staffel <a href=\"https:\/\/www.antennemuenster.de\/externalimages\/?source=jpg798\/img_2141-v1.jpeg&amp;dt=202509212017020&amp;resize=1280x960\" data-caption=\"\" itemprop=\"contentUrl\" data-size=\"1280x960\" rel=\"nofollow noopener\" target=\"_blank\"><img decoding=\"async\" alt=\"\" src=\"https:\/\/www.europesays.com\/de\/wp-content\/uploads\/2025\/09\/img_2141-v1.jpeg&#038;crop=0x485x5712x3570&#038;resize=1280x800&#038;dt=202509212017020.jpeg\" data-size=\"1280x800\"\/><\/a>\u00a9 ANTENNE M\u00dcNSTER\u00a9 ANTENNE M\u00dcNSTER<\/p>\n<p>F\u00fcr unsere Staffel haben wir uns dieses Jahr starke Unterst\u00fctzung von euch geholt. Christina und Christian aus unserem Team und ANTENNE M\u00dcNSTER-H\u00f6rer Peter und ANTENNE M\u00dcNSTER-H\u00f6rerin Ellen wuchsen im gemeinsamen Training zu einem tollen Staffel-Team zusammen. Peter ging f\u00fcr unser Team am Schlossplatz an den Start, und Ellen lief nach 03:54:44 Stunden im Ziel ein. Platz 195 von 611 Mixed-Staffeln &#8211; Respekt! <\/p>\n","protected":false},"excerpt":{"rendered":"Ver\u00f6ffentlicht:\u00a0Sonntag, 21.09.2025 20:00 \u00dcber 12.000 Teilnehmer:innen, jubelnde Fans an der Strecke und eine Party auf dem Prinzipalmarkt. Das&hellip;\n","protected":false},"author":2,"featured_media":441058,"comment_status":"","ping_status":"","sticky":false,"template":"","format":"standard","meta":{"footnotes":""},"categories":[1843],"tags":[85262,3364,29,30,8970,1209],"class_list":{"0":"post-441057","1":"post","2":"type-post","3":"status-publish","4":"format-standard","5":"has-post-thumbnail","7":"category-muenster","8":"tag-mnster-marathon","9":"tag-de","10":"tag-deutschland","11":"tag-germany","12":"tag-muenster","13":"tag-nordrhein-westfalen"},"share_on_mastodon":{"url":"https:\/\/pubeurope.com\/@de\/115245184808673715","error":""},"_links":{"self":[{"href":"https:\/\/www.europesays.com\/de\/wp-json\/wp\/v2\/posts\/441057","targetHints":{"allow":["GET"]}}],"collection":[{"href":"https:\/\/www.europesays.com\/de\/wp-json\/wp\/v2\/posts"}],"about":[{"href":"https:\/\/www.europesays.com\/de\/wp-json\/wp\/v2\/types\/post"}],"author":[{"embeddable":true,"href":"https:\/\/www.europesays.com\/de\/wp-json\/wp\/v2\/users\/2"}],"replies":[{"embeddable":true,"href":"https:\/\/www.europesays.com\/de\/wp-json\/wp\/v2\/comments?post=441057"}],"version-history":[{"count":0,"href":"https:\/\/www.europesays.com\/de\/wp-json\/wp\/v2\/posts\/441057\/revisions"}],"wp:featuredmedia":[{"embeddable":true,"href":"https:\/\/www.europesays.com\/de\/wp-json\/wp\/v2\/media\/441058"}],"wp:attachment":[{"href":"https:\/\/www.europesays.com\/de\/wp-json\/wp\/v2\/media?parent=441057"}],"wp:term":[{"taxonomy":"category","embeddable":true,"href":"https:\/\/www.europesays.com\/de\/wp-json\/wp\/v2\/categories?post=441057"},{"taxonomy":"post_tag","embeddable":true,"href":"https:\/\/www.europesays.com\/de\/wp-json\/wp\/v2\/tags?post=441057"}],"curies":[{"name":"wp","href":"https:\/\/api.w.org\/{rel}","templated":true}]}}