{"id":441067,"date":"2025-09-22T00:51:40","date_gmt":"2025-09-22T00:51:40","guid":{"rendered":"https:\/\/www.europesays.com\/de\/441067\/"},"modified":"2025-09-22T00:51:40","modified_gmt":"2025-09-22T00:51:40","slug":"fussball-2-bundesliga-trainerwechsel-verpufft-bochum-fans-sauer","status":"publish","type":"post","link":"https:\/\/www.europesays.com\/de\/441067\/","title":{"rendered":"Fu\u00dfball 2. Bundesliga: Trainerwechsel verpufft: Bochum-Fans sauer"},"content":{"rendered":"<p class=\"paragraph article__item\">Nach der vierten Niederlage in Serie beim Deb\u00fct des neuen Trainers David Siebers mussten sich die Fu\u00dfballer des Zweitligisten <a class=\"rtr-entity\" href=\"https:\/\/www.zeit.de\/thema\/vfl-bochum\" target=\"_blank\" rel=\"noopener\">VfL Bochum<\/a> heftige Kritik von ihren mitgereisten Fans gefallen lassen. Im Anschluss an die 1:2-Niederlage beim vorherigen Schlusslicht 1. FC N\u00fcrnberg und dem Absturz auf einen direkten Abstiegsplatz standen die Spieler minutenlang mit h\u00e4ngenden Schultern vor dem Block der aufgebrachten Ultras.\n<\/p>\n<p>Aktuelles<\/p>\n<p>                <a href=\"https:\/\/www.zeit.de\/sport\/2025-09\/fussball-bundesliga-st-pauli-augsburg\" data-ct-label=\"Fu\u00dfball-Bundesliga: Werder Bremen gewinnt klar gegen Borussia M\u00f6nchengladbach\" target=\"_blank\" rel=\"noopener\"><\/p>\n<p>                        Fu\u00dfball-Bundesliga:<br \/>\n                        Werder Bremen gewinnt klar gegen Borussia M\u00f6nchengladbach<\/p>\n<p>                <\/a><\/p>\n<p>                <a href=\"https:\/\/www.zeit.de\/sport\/2025-09\/deutschland-nordirland-wm-qualifikation-europa\" data-ct-label=\" Fu\u00dfball-WM-Qualifikation: Deutschland gewinnt zweites WM-Qualifikationsspiel gegen Nordirland\" target=\"_blank\" rel=\"noopener\"><\/p>\n<p>                         Fu\u00dfball-WM-Qualifikation:<br \/>\n                        Deutschland gewinnt zweites WM-Qualifikationsspiel gegen Nordirland<\/p>\n<p>                <\/a><\/p>\n<p>                <a href=\"https:\/\/www.zeit.de\/sport\/2025-09\/bundesliga-rueckschau-koeln-wolfsburg-sandro-wagner\" data-ct-label=\" Bundesligar\u00fcckschau: Klingt jeck, ist aber so\" target=\"_blank\" rel=\"noopener\"><\/p>\n<p>        Z+ (abopflichtiger Inhalt);<\/p>\n<p>     Bundesligar\u00fcckschau:<br \/>\n                        Klingt jeck, ist aber so<\/p>\n<p>                <\/a><\/p>\n<p>                    \u00abDie Fans haben uns gesagt, was ihnen auf der Seele brennt\u00bb        <\/p>\n<p class=\"paragraph article__item\">\u00abUns ist die Situation schon bewusst\u00bb, sagte Fl\u00fcgelspieler Maximilian Wittek bei \u00abSky\u00bb, \u00ababer es ist in der Saison noch relativ fr\u00fch, wir m\u00fcssen weiter an uns arbeiten\u00bb.\u00a0Was genau die Fans zu den Spielern gesagt haben, wollte Felix Passlack nicht preisgeben: \u00abSie haben uns gesagt, was ihnen auf der Seele brennt.\u00bb Von einer Versch\u00e4rfung der Krise wollte Passlack nichts wissen. \u00abWir haben jetzt einen neuen Spielstil, daran gilt es weiterzuarbeiten.\u00bb\n<\/p>\n<p>                \u00abDie Mannschaft ist intakt\u00bb        <\/p>\n<p class=\"paragraph article__item\">Nach dem sp\u00e4ten 1:1-Ausgleich per Foulelfmeter (86.) durch Ibrahim Sissoko kassierten die Bochumer in der zweiten Minute der Nachspielzeit das Gegentor zur 1:2-Niederlage. \u00abDie Mannschaft ist intakt\u00bb, sagte Siebers. Er l\u00e4sst das Team h\u00f6her pressen als sein Vorg\u00e4nger Dieter Hecking. \u00abWir mussten der Intensit\u00e4t Tribut zollen\u00bb, erkl\u00e4rte er die schwache zweite Halbzeit seiner Mannschaft. \u00abWir haben ein bisschen was umgestellt. Es war klar, dass nicht alles sofort funktioniert.\u00bb\n<\/p>\n<p class=\"paragraph article__item\">Die beiden Spiele bis zur L\u00e4nderspielpause soll Siebers noch bekommen, um zu zeigen, dass er die Wende einleiten kann. Die Aufgaben am kommenden Samstag gegen Fortuna D\u00fcsseldorf sowie eine Woche sp\u00e4ter beim 1. FC Kaiserslautern werden gewaltige Herausforderungen.\n<\/p>\n<p class=\"paragraph article__item\">\u00a9 dpa-infocom, dpa:250921-930-64997\/1<\/p>\n","protected":false},"excerpt":{"rendered":"Nach der vierten Niederlage in Serie beim Deb\u00fct des neuen Trainers David Siebers mussten sich die Fu\u00dfballer des&hellip;\n","protected":false},"author":2,"featured_media":441068,"comment_status":"","ping_status":"","sticky":false,"template":"","format":"standard","meta":{"footnotes":""},"categories":[1839],"tags":[783,7507,299,112214,3364,29,17195,347,100252,30,1229,15,1209,4667,8173],"class_list":{"0":"post-441067","1":"post","2":"type-post","3":"status-publish","4":"format-standard","5":"has-post-thumbnail","7":"category-bochum","8":"tag-1-fc-nuernberg","9":"tag-bochum","10":"tag-bundesliga","11":"tag-david-sieber","12":"tag-de","13":"tag-deutschland","14":"tag-felix-passlack","15":"tag-fussball","16":"tag-fussball-2-bundesliga","17":"tag-germany","18":"tag-kritik","19":"tag-news","20":"tag-nordrhein-westfalen","21":"tag-trainerwechsel","22":"tag-vfl-bochum"},"share_on_mastodon":{"url":"https:\/\/pubeurope.com\/@de\/115245212332067188","error":""},"_links":{"self":[{"href":"https:\/\/www.europesays.com\/de\/wp-json\/wp\/v2\/posts\/441067","targetHints":{"allow":["GET"]}}],"collection":[{"href":"https:\/\/www.europesays.com\/de\/wp-json\/wp\/v2\/posts"}],"about":[{"href":"https:\/\/www.europesays.com\/de\/wp-json\/wp\/v2\/types\/post"}],"author":[{"embeddable":true,"href":"https:\/\/www.europesays.com\/de\/wp-json\/wp\/v2\/users\/2"}],"replies":[{"embeddable":true,"href":"https:\/\/www.europesays.com\/de\/wp-json\/wp\/v2\/comments?post=441067"}],"version-history":[{"count":0,"href":"https:\/\/www.europesays.com\/de\/wp-json\/wp\/v2\/posts\/441067\/revisions"}],"wp:featuredmedia":[{"embeddable":true,"href":"https:\/\/www.europesays.com\/de\/wp-json\/wp\/v2\/media\/441068"}],"wp:attachment":[{"href":"https:\/\/www.europesays.com\/de\/wp-json\/wp\/v2\/media?parent=441067"}],"wp:term":[{"taxonomy":"category","embeddable":true,"href":"https:\/\/www.europesays.com\/de\/wp-json\/wp\/v2\/categories?post=441067"},{"taxonomy":"post_tag","embeddable":true,"href":"https:\/\/www.europesays.com\/de\/wp-json\/wp\/v2\/tags?post=441067"}],"curies":[{"name":"wp","href":"https:\/\/api.w.org\/{rel}","templated":true}]}}