{"id":441134,"date":"2025-09-22T01:31:19","date_gmt":"2025-09-22T01:31:19","guid":{"rendered":"https:\/\/www.europesays.com\/de\/441134\/"},"modified":"2025-09-22T01:31:19","modified_gmt":"2025-09-22T01:31:19","slug":"muenchen-heute-nachrichten-vom-21-9-25-muenchen","status":"publish","type":"post","link":"https:\/\/www.europesays.com\/de\/441134\/","title":{"rendered":"M\u00fcnchen heute &#8211; Nachrichten vom 21.9.25 &#8211; M\u00fcnchen"},"content":{"rendered":"<p data-manual=\"teaserText\" data-schema-org-speakable=\"true\">Die Wiesn erlebt einen sonnigen Traumstart, Heidi Klum, Lars Klingbeil und der Rapper Drake feiern im Bierzelt und mehr.<\/p>\n<p> div:not([style*=&#8217;display: none&#8216;]):not(.iqdnoad)){margin-bottom:60px;margin-top:60px;}}]]> div:not([style*=&#8217;display: none&#8216;]):not(.iqdnoad))::before{content:none;}@media screen and (min-width: 768px){.css-wglhfu{margin-bottom:0;margin-top:0;}}@media screen and (min-width: 768px){.css-wglhfu{margin-left:0;margin-right:0;}}@media screen and (min-width: 1000px){.css-wglhfu{margin-left:-180px;width:1000px;}.css-wglhfu:has(> div:not([style*=&#8217;display: none&#8216;]):not(.iqdnoad)){margin-bottom:60px;margin-top:60px;}}]]> div:not([style*=&#8217;display: none&#8216;]):not(.iqdnoad))::before{content:none;}@media screen and (min-width: 768px){.css-1qhsfhd{margin-bottom:0;margin-top:0;}}@media screen and (min-width: 768px){.css-1qhsfhd{display:block;}}@media screen and (min-width: 768px){.css-1qhsfhd{margin-left:0;margin-right:0;}}@media screen and (min-width: 1000px){.css-1qhsfhd{margin-left:-180px;width:1000px;}.css-1qhsfhd:has(> div:not([style*=&#8217;display: none&#8216;]):not(.iqdnoad)){margin-bottom:60px;margin-top:60px;}}]]><\/p>\n<p data-manual=\"paragraph\" data-schema-org-speakable=\"true\" class=\"css-xboolz\"><strong>OKTOBERFEST<\/strong><\/p>\n<p data-manual=\"paragraph\" data-schema-org-speakable=\"true\" class=\"css-xboolz\"><strong>Die Wiesn erlebt einen Traumstart<\/strong> <a href=\"https:\/\/www.sueddeutsche.de\/muenchen\/muenchen-oktoberfest-anstich-erstes-wochenende-li.3315614\" rel=\"nofollow noopener\" target=\"_blank\">Mit 31 Grad am Premierentag bricht das Oktoberfest den bisherigen Temperaturrekord aus dem Jahr 1993.<\/a> Das Wetter beschert Schaustellern wie G\u00e4sten zwei Bilderbuchtage, aber den Sanit\u00e4tern und der Polizei auch reichlich Arbeit.<\/p>\n<p data-manual=\"paragraph\" data-schema-org-speakable=\"true\" class=\"css-xboolz\"><strong>Auf der Suche nach dem guten Wetter<\/strong> Das Oktoberfest ist weltbekannt. Warum aber wird es \u00fcberwiegend gar nicht in dem Monat gefeiert, nach dem es benannt ist? <a href=\"https:\/\/www.sueddeutsche.de\/muenchen\/oktoberfest-2025-muenchen-september-li.3315612\" rel=\"nofollow noopener\" target=\"_blank\">Das Kuriosum gibt es seit mehr als 150 Jahren.<\/a><\/p>\n<p data-manual=\"paragraph\" data-schema-org-speakable=\"true\" class=\"css-xboolz\"><strong>Eine Million Menschen beim Hitze-Wochenende auf der Wiesn<\/strong> Das weltweit gr\u00f6\u00dfte Volksfest zieht am zweiten Tag noch einmal bei traumhaftem Wetter Besucher an. <a href=\"https:\/\/www.sueddeutsche.de\/muenchen\/oktoberfest-2025-muenchen-sonntag-news-liveticker-li.3314015\" rel=\"nofollow noopener\" target=\"_blank\">Doch neben der guten Stimmung gibt es auch Kreislauf-Notf\u00e4lle &#8211; und ein US-Tourist wird von einer Tram \u00fcberrollt. Der Live-Blog<\/a><\/p>\n<p data-manual=\"paragraph\" data-schema-org-speakable=\"true\" class=\"css-xboolz\"><strong>Heidi trifft den Vizekanzler, Drake die Stilkritiker und Becker die Polizei<\/strong> Au\u00dferdem knutscht Klum bei ihrem ersten Wiesn-Besuch, Drakes Outfit provoziert Kommentare und Lilly Becker hat eine ziemlich unangenehme Begegnung. <a href=\"https:\/\/www.sueddeutsche.de\/muenchen\/oktoberfest-2025-muenchen-promis-heidi-klum-drake-lilly-becker-polizei-li.3315571\" rel=\"nofollow noopener\" target=\"_blank\">Die Wiesn-Promis vom Samstagabend.<\/a><\/p>\n<p data-manual=\"paragraph\" data-schema-org-speakable=\"true\" class=\"css-xboolz\"><strong>Bilder vom Oktoberfest:<\/strong> <a href=\"https:\/\/www.sueddeutsche.de\/muenchen\/oktoberfest-2025-muenchen-bilder-tag-1-sommer-li.3314017\" rel=\"nofollow noopener\" target=\"_blank\">Endlich eine Sommer-Wiesn!<\/a><\/p>\n<p data-manual=\"paragraph\" data-schema-org-speakable=\"true\" class=\"css-xboolz\"><strong>Traditions-Ultra oder eher Prosecco-Performer?<\/strong>\u00a0<a href=\"https:\/\/www.sueddeutsche.de\/projekte\/artikel\/muenchen\/oktoberfest-muenchen-2025-quiz-persoenlichkeitstest-e806964\/\" rel=\"nofollow noopener\" target=\"_blank\">Welcher Wiesn-Typ sind Sie? Machen Sie den Test<\/a><\/p>\n<p data-manual=\"paragraph\" data-schema-org-speakable=\"true\" class=\"css-xboolz\"><strong>WEITERE NACHRICHTEN<\/strong><\/p>\n<p data-manual=\"paragraph\" data-schema-org-speakable=\"true\" class=\"css-xboolz\"><strong>Stadion an der Gr\u00fcnwalder Stra\u00dfe:<\/strong> <a href=\"https:\/\/www.sueddeutsche.de\/muenchen\/muenchen-tsv-1860-stadion-ausbau-neubewertung-zuschauerkapazitaet-li.3315163\" rel=\"nofollow noopener\" target=\"_blank\">Wie viele passen ins Sechzger-Stadion?<\/a><\/p>\n<p data-manual=\"paragraph\" data-schema-org-speakable=\"true\" class=\"css-xboolz\"><strong>Politiker beim Oktoberfest-Anstich:<\/strong> <a href=\"https:\/\/www.sueddeutsche.de\/muenchen\/oktoberfest-2025-muenchen-dieter-reiter-clemens-baumgaertner-dominik-krause-li.3312999\" rel=\"nofollow noopener\" target=\"_blank\">Ein Masskrug-Orakel auf der Wiesn-Empore<\/a><\/p>\n<p data-manual=\"paragraph\" data-schema-org-speakable=\"true\" class=\"css-xboolz\"><strong>Todesfall vor Wiesn-Anstich:<\/strong> <a href=\"https:\/\/www.sueddeutsche.de\/muenchen\/oktoberfest-muenchen-2025-schaustellerin-todesfall-eroeffnungstag-einsaetze-rettungsdienst-li.3315419\" rel=\"nofollow noopener\" target=\"_blank\">Schaustellerin stirbt auf dem Oktoberfest<\/a><\/p>\n<p> div:not([style*=&#8217;display: none&#8216;]):not(.iqdnoad))::before{content:none;}@media screen and (min-width: 768px){.css-1gb0u7z{margin-bottom:0;margin-top:0;}}@media screen and (min-width: 1000px){.css-1gb0u7z{display:block;min-height:auto;}}@media screen and (min-width: 768px){.css-1gb0u7z{margin-left:0;margin-right:0;}}@media screen and (min-width: 1000px){.css-1gb0u7z{margin-left:-180px;width:1000px;}.css-1gb0u7z:has(> div:not([style*=&#8217;display: none&#8216;]):not(.iqdnoad)){margin-bottom:60px;margin-top:60px;}}]]> div:not([style*=&#8217;display: none&#8216;]):not(.iqdnoad))::before{content:none;}@media screen and (min-width: 768px){.css-6qp6or{margin-bottom:0;margin-top:0;}}@media screen and (min-width: 768px){.css-6qp6or{margin-left:0;margin-right:0;}}@media screen and (min-width: 1000px){.css-6qp6or{margin-left:-180px;width:1000px;}.css-6qp6or:has(> div:not([style*=&#8217;display: none&#8216;]):not(.iqdnoad)){margin-bottom:60px;margin-top:60px;}}]]> div:not([style*=&#8217;display: none&#8216;]):not(.iqdnoad))::before{content:none;}@media screen and (min-width: 768px){.css-1vs3ay6{margin-bottom:0;margin-top:0;}}@media screen and (min-width: 768px){.css-1vs3ay6{display:block;}}@media screen and (min-width: 768px){.css-1vs3ay6{margin-left:0;margin-right:0;}}@media screen and (min-width: 1000px){.css-1vs3ay6{margin-left:-180px;width:1000px;}.css-1vs3ay6:has(> div:not([style*=&#8217;display: none&#8216;]):not(.iqdnoad)){margin-bottom:60px;margin-top:60px;}}]]><\/p>\n<p data-manual=\"paragraph\" data-schema-org-speakable=\"true\" class=\"css-xboolz\"><strong><a href=\"https:\/\/www.sueddeutsche.de\/thema\/M%C3%BCnchen\" rel=\"nofollow noopener\" target=\"_blank\">M\u00dcNCHEN<\/a><\/strong><strong> ERLESEN<\/strong><\/p>\n<p><a href=\"https:\/\/www.sueddeutsche.de\/muenchen\/muenchen-malik-edlmann-maliq-rap-germanistan-li.3297945\" aria-label=\"Artikelverlinkung:\" data-track-szde=\"{&quot;event&quot;:&quot;teaser_clicked&quot;,&quot;teaser_clicked&quot;:{&quot;article_title&quot;:&quot;mutiger_rap_fuer_ein_offenherziges_deutschland&quot;,&quot;doctype&quot;:&quot;&quot;,&quot;label&quot;:&quot;szplus&quot;,&quot;main_topic&quot;:&quot;kultur_in_muenchen&quot;,&quot;object_id&quot;:&quot;li.3297945&quot;,&quot;pcat&quot;:&quot;paid&quot;,&quot;section&quot;:&quot;muenchen&quot;,&quot;teaser_type&quot;:&quot;article_teaser_top&quot;}}\" data-manual=\"teaser-url\" data-tb-link=\"\" aria-labelledby=\"teaser-httpswwwsueddeutschedemuenchenmuenchen-malik-edlmann-maliq-rap-germanistan-li3297945\" class=\"css-14tg8sh\" rel=\"nofollow noopener\" target=\"_blank\"><img decoding=\"async\" src=\"https:\/\/www.europesays.com\/de\/wp-content\/uploads\/2025\/09\/8be43182-bdfc-45c3-8fa7-0ad3386aefe3.jpg\"   alt=\"\" loading=\"lazy\" class=\"css-8atqhb\"\/><\/p>\n<p>Maliq: Junge Musik aus M\u00fcnchen<\/p>\n<p>:Mutiger Rap f\u00fcr ein offenherziges Deutschland<\/p>\n<p class=\"css-a6ecqs\" data-manual=\"teaser-text\" data-tb-description=\"\" data-schema-org-speakable=\"true\">Malik Schwarz-Edlmann alias Maliq ist ein Rapper mit Vision. Seit Jahren ver\u00f6ffentlicht er Songs, seit Kurzem auf einem namhaften Label. Doch der 22-J\u00e4hrige will mehr: Als Strippenzieher des K\u00fcnstlerkollektivs \u201eGermanistan\u201c k\u00e4mpft er f\u00fcr kreative Ausdruckskraft und Toleranz.<\/p>\n<p>SZ PlusVon Hannes Christoph Meck&#8230;<a href=\"https:\/\/www.sueddeutsche.de\/muenchen\/muenchen-hauptbahnhof-neubau-haesslich-glosse-li.3245073\" aria-label=\"Artikelverlinkung:\" data-track-szde=\"{&quot;event&quot;:&quot;teaser_clicked&quot;,&quot;teaser_clicked&quot;:{&quot;article_title&quot;:&quot;muenchens_neuer_hauptbahnhof_ein_unnoetiges_ungeheuer_aus_glas&quot;,&quot;doctype&quot;:&quot;&quot;,&quot;label&quot;:&quot;szplus&quot;,&quot;main_topic&quot;:&quot;immobilien_und_wohnen_in_muenchen&quot;,&quot;object_id&quot;:&quot;li.3245073&quot;,&quot;pcat&quot;:&quot;paid&quot;,&quot;section&quot;:&quot;muenchen&quot;,&quot;teaser_type&quot;:&quot;article_teaser_top&quot;}}\" data-manual=\"teaser-url\" data-tb-link=\"\" aria-labelledby=\"teaser-httpswwwsueddeutschedemuenchenmuenchen-hauptbahnhof-neubau-haesslich-glosse-li3245073\" class=\"css-14tg8sh\" rel=\"nofollow noopener\" target=\"_blank\"><img decoding=\"async\" src=\"https:\/\/www.europesays.com\/de\/wp-content\/uploads\/2025\/09\/5969e110-f434-4126-9241-9915e27d7997.jpg\"   alt=\"\" loading=\"lazy\" class=\"css-8atqhb\"\/><\/p>\n<p>Architektur<\/p>\n<p>:M\u00fcnchens neuer Hauptbahnhof\u00a0\u2013 ein unn\u00f6tiges Ungeheuer aus Glas<\/p>\n<p class=\"css-a6ecqs\" data-manual=\"teaser-text\" data-tb-description=\"\" data-schema-org-speakable=\"true\">Die Bahn baut noch jahrelang an ihrem s\u00fcndteuren Palast. Dabei h\u00e4tte es eine viel charmantere L\u00f6sung gegeben.<\/p>\n<p>SZ PlusGlosse von Joachim K\u00e4ppner<\/p>\n<p data-manual=\"paragraph\" data-schema-org-speakable=\"true\" class=\"css-xboolz\"><strong>UNSER KULTURTIPP<\/strong><\/p>\n<p><a href=\"https:\/\/www.sueddeutsche.de\/muenchen\/literatur-muenchen-highlights-herbst-2025-lesungen-programm-li.3307520\" aria-label=\"Artikelverlinkung:\" data-track-szde=\"{&quot;event&quot;:&quot;teaser_clicked&quot;,&quot;teaser_clicked&quot;:{&quot;article_title&quot;:&quot;die_literatur_highlights_im_herbst&quot;,&quot;doctype&quot;:&quot;&quot;,&quot;label&quot;:&quot;&quot;,&quot;main_topic&quot;:&quot;kultur_in_muenchen&quot;,&quot;object_id&quot;:&quot;li.3307520&quot;,&quot;pcat&quot;:&quot;metered&quot;,&quot;section&quot;:&quot;muenchen&quot;,&quot;teaser_type&quot;:&quot;article_teaser_top&quot;}}\" data-manual=\"teaser-url\" data-tb-link=\"\" aria-labelledby=\"teaser-httpswwwsueddeutschedemuenchenliteratur-muenchen-highlights-herbst-2025-lesungen-programm-li3307520\" class=\"css-14tg8sh\" rel=\"nofollow noopener\" target=\"_blank\"><img decoding=\"async\" src=\"https:\/\/www.europesays.com\/de\/wp-content\/uploads\/2025\/09\/1758504679_980_e742b889-b3d2-4513-843e-3a46a446eb4a.jpg\"   alt=\"\" loading=\"lazy\" class=\"css-8atqhb\"\/><\/p>\n<p>Lesungen in M\u00fcnchen<\/p>\n<p>:Die Literatur-Highlights im Herbst<\/p>\n<p class=\"css-a6ecqs\" data-manual=\"teaser-text\" data-tb-description=\"\" data-schema-org-speakable=\"true\">Von Caroline Wahl bis Ian McEwan, von Rita Falk bis Christopher Clark: Zahlreiche prominente Schriftstellerinnen und Schriftsteller stellen ihre neuen Romane, Krimis und Sachb\u00fccher im Herbst\u00a0im Literaturhaus, bei der M\u00fcnchner B\u00fccherschau und andernorts vor. Ein \u00dcberblick.<\/p>\n<p data-manual=\"paragraph\" data-schema-org-speakable=\"true\" class=\"css-xboolz\"><a href=\"https:\/\/www.sueddeutsche.de\/thema\/Restaurants\" rel=\"nofollow noopener\" target=\"_blank\">Restaurants in M\u00fcnchen<\/a> | <a href=\"https:\/\/www.sueddeutsche.de\/thema\/Bars\" rel=\"nofollow noopener\" target=\"_blank\">Bars in M\u00fcnchen<\/a> | <a href=\"https:\/\/www.sueddeutsche.de\/thema\/Fr%C3%BChst%C3%BCck_und_Brunch\" rel=\"nofollow noopener\" target=\"_blank\">Fr\u00fchst\u00fcck und Brunch<\/a><strong>Zu den Landkreisen:<\/strong> <a href=\"https:\/\/www.sueddeutsche.de\/muenchen\/wolfratshausen\" rel=\"nofollow noopener\" target=\"_blank\">Bad T\u00f6lz-Wolfratshausen<\/a> | <a href=\"https:\/\/www.sueddeutsche.de\/muenchen\/dachau\" rel=\"nofollow noopener\" target=\"_blank\">Dachau<\/a> | <a href=\"https:\/\/www.sueddeutsche.de\/muenchen\/ebersberg\" rel=\"nofollow noopener\" target=\"_blank\">Ebersberg<\/a> | <a href=\"https:\/\/www.sueddeutsche.de\/muenchen\/erding\" rel=\"nofollow noopener\" target=\"_blank\">Erding<\/a> | <a href=\"https:\/\/www.sueddeutsche.de\/muenchen\/freising\" rel=\"nofollow noopener\" target=\"_blank\">Freising<\/a> | <a href=\"https:\/\/www.sueddeutsche.de\/muenchen\/fuerstenfeldbruck\" rel=\"nofollow noopener\" target=\"_blank\">F\u00fcrstenfeldbruck<\/a> | <a href=\"https:\/\/www.sueddeutsche.de\/muenchen\/landkreismuenchen\" rel=\"nofollow noopener\" target=\"_blank\">M\u00fcnchen<\/a> | <a href=\"https:\/\/www.sueddeutsche.de\/muenchen\/starnberg\" rel=\"nofollow noopener\" target=\"_blank\">Starnberg<\/a><\/p>\n","protected":false},"excerpt":{"rendered":"Die Wiesn erlebt einen sonnigen Traumstart, Heidi Klum, Lars Klingbeil und der Rapper Drake feiern im Bierzelt und&hellip;\n","protected":false},"author":2,"featured_media":387201,"comment_status":"","ping_status":"","sticky":false,"template":"","format":"standard","meta":{"footnotes":""},"categories":[1827],"tags":[772,29,30,1268,2338,2339,149],"class_list":{"0":"post-441134","1":"post","2":"type-post","3":"status-publish","4":"format-standard","5":"has-post-thumbnail","7":"category-muenchen","8":"tag-bayern","9":"tag-deutschland","10":"tag-germany","11":"tag-muenchen","12":"tag-newsletter","13":"tag-oberbayern","14":"tag-sueddeutsche-zeitung"},"share_on_mastodon":{"url":"https:\/\/pubeurope.com\/@de\/115245369674516219","error":""},"_links":{"self":[{"href":"https:\/\/www.europesays.com\/de\/wp-json\/wp\/v2\/posts\/441134","targetHints":{"allow":["GET"]}}],"collection":[{"href":"https:\/\/www.europesays.com\/de\/wp-json\/wp\/v2\/posts"}],"about":[{"href":"https:\/\/www.europesays.com\/de\/wp-json\/wp\/v2\/types\/post"}],"author":[{"embeddable":true,"href":"https:\/\/www.europesays.com\/de\/wp-json\/wp\/v2\/users\/2"}],"replies":[{"embeddable":true,"href":"https:\/\/www.europesays.com\/de\/wp-json\/wp\/v2\/comments?post=441134"}],"version-history":[{"count":0,"href":"https:\/\/www.europesays.com\/de\/wp-json\/wp\/v2\/posts\/441134\/revisions"}],"wp:featuredmedia":[{"embeddable":true,"href":"https:\/\/www.europesays.com\/de\/wp-json\/wp\/v2\/media\/387201"}],"wp:attachment":[{"href":"https:\/\/www.europesays.com\/de\/wp-json\/wp\/v2\/media?parent=441134"}],"wp:term":[{"taxonomy":"category","embeddable":true,"href":"https:\/\/www.europesays.com\/de\/wp-json\/wp\/v2\/categories?post=441134"},{"taxonomy":"post_tag","embeddable":true,"href":"https:\/\/www.europesays.com\/de\/wp-json\/wp\/v2\/tags?post=441134"}],"curies":[{"name":"wp","href":"https:\/\/api.w.org\/{rel}","templated":true}]}}