{"id":441770,"date":"2025-09-22T07:52:11","date_gmt":"2025-09-22T07:52:11","guid":{"rendered":"https:\/\/www.europesays.com\/de\/441770\/"},"modified":"2025-09-22T07:52:11","modified_gmt":"2025-09-22T07:52:11","slug":"kreis-herford-weniger-handwerksbetriebe-radio-herford","status":"publish","type":"post","link":"https:\/\/www.europesays.com\/de\/441770\/","title":{"rendered":"Kreis Herford: Weniger Handwerksbetriebe &#8211; Radio Herford"},"content":{"rendered":"<p>Viele von uns kennen das: Wer einen Handwerksbetrieb braucht, muss teilweise lange warten. Jetzt zeigt eine Statistik, woran das unter anderem liegt. Die Zahl der Betriebe ist im Kreis Herford leicht gesunken.\u00a0<\/p>\n<p>Leichter R\u00fcckgang<\/p>\n<p>Im Jahr 2023 waren es rund 1.600, gegen\u00fcber dem Vorjahr bedeutet das einen R\u00fcckgang um ein Prozent. Auch die Zahl der Besch\u00e4ftigten ging in dem Zeitraum zur\u00fcck \u2013 und zwar um mehr als 300. \u00a0<\/p>\n","protected":false},"excerpt":{"rendered":"Viele von uns kennen das: Wer einen Handwerksbetrieb braucht, muss teilweise lange warten. Jetzt zeigt eine Statistik, woran&hellip;\n","protected":false},"author":2,"featured_media":441771,"comment_status":"","ping_status":"","sticky":false,"template":"","format":"standard","meta":{"footnotes":""},"categories":[1841],"tags":[1605,3364,29,30,37380,26267,1209,924],"class_list":{"0":"post-441770","1":"post","2":"type-post","3":"status-publish","4":"format-standard","5":"has-post-thumbnail","7":"category-bielefeld","8":"tag-bielefeld","9":"tag-de","10":"tag-deutschland","11":"tag-germany","12":"tag-handwerksbetrieb","13":"tag-kreis-herford","14":"tag-nordrhein-westfalen","15":"tag-statistik"},"share_on_mastodon":{"url":"https:\/\/pubeurope.com\/@de\/115246867778571535","error":""},"_links":{"self":[{"href":"https:\/\/www.europesays.com\/de\/wp-json\/wp\/v2\/posts\/441770","targetHints":{"allow":["GET"]}}],"collection":[{"href":"https:\/\/www.europesays.com\/de\/wp-json\/wp\/v2\/posts"}],"about":[{"href":"https:\/\/www.europesays.com\/de\/wp-json\/wp\/v2\/types\/post"}],"author":[{"embeddable":true,"href":"https:\/\/www.europesays.com\/de\/wp-json\/wp\/v2\/users\/2"}],"replies":[{"embeddable":true,"href":"https:\/\/www.europesays.com\/de\/wp-json\/wp\/v2\/comments?post=441770"}],"version-history":[{"count":0,"href":"https:\/\/www.europesays.com\/de\/wp-json\/wp\/v2\/posts\/441770\/revisions"}],"wp:featuredmedia":[{"embeddable":true,"href":"https:\/\/www.europesays.com\/de\/wp-json\/wp\/v2\/media\/441771"}],"wp:attachment":[{"href":"https:\/\/www.europesays.com\/de\/wp-json\/wp\/v2\/media?parent=441770"}],"wp:term":[{"taxonomy":"category","embeddable":true,"href":"https:\/\/www.europesays.com\/de\/wp-json\/wp\/v2\/categories?post=441770"},{"taxonomy":"post_tag","embeddable":true,"href":"https:\/\/www.europesays.com\/de\/wp-json\/wp\/v2\/tags?post=441770"}],"curies":[{"name":"wp","href":"https:\/\/api.w.org\/{rel}","templated":true}]}}