{"id":441791,"date":"2025-09-22T08:03:12","date_gmt":"2025-09-22T08:03:12","guid":{"rendered":"https:\/\/www.europesays.com\/de\/441791\/"},"modified":"2025-09-22T08:03:12","modified_gmt":"2025-09-22T08:03:12","slug":"karriere-wolfgang-wuerth-wechselt-zu-hyundai-motor-europe","status":"publish","type":"post","link":"https:\/\/www.europesays.com\/de\/441791\/","title":{"rendered":"Karriere: Wolfgang W\u00fcrth wechselt zu Hyundai Motor Europe"},"content":{"rendered":"<p>Wolfgang W\u00fcrth wird bei Hyundai nun f\u00fcr die Entwicklung und Umsetzung einer integrierten Strategie verantwortlich sein, die die Bereiche PR, Produktkommunikation und Unternehmenskommunikation in Europa umfasst. Mit seiner Leidenschaft f\u00fcr verantwortungsvolle Mobilit\u00e4t und technologische Innovation wird er eine wichtige Rolle dabei spielen, Hyundai als innovativen Akteur im Bereich der Elektromobilit\u00e4t zu positionieren.<\/p>\n<p>Als Teil des F\u00fchrungsteams von Hyundai Motor Europe wird W\u00fcrth die Abteilung PR und Kommunikation leiten und direkt an Xavier Martinet, Pr\u00e4sident und CEO von Hyundai Motor Europe, berichten.<\/p>\n<p>\u201eWir freuen uns, Wolfgang in unserem Team willkommen zu hei\u00dfen. Mit seinem umfassenden Wissen und seiner Erfahrung in der Automobilindustrie sowie seiner bew\u00e4hrten F\u00e4higkeit, \u00fcberzeugende Narrative zu entwickeln, wird Wolfgang eine Schl\u00fcsselrolle bei der Weiterentwicklung unserer Marke spielen. Sein Fachwissen wird von grundlegender Bedeutung sein, wenn wir unser Wachstum beschleunigen und die Mobilit\u00e4t in ganz Europa neu definieren\u201c, so Xavier Martinet, Pr\u00e4sident und CEO von Hyundai Motor Europe.<\/p>\n<p>W\u00fcrth verf\u00fcgt \u00fcber mehr als zwei Jahrzehnte Erfahrung in den Bereichen Marketing und Kommunikation in der Automobil- und Technologiebranche, darunter in den Bereichen Digital, Marketing, Social Media und Markenstrategie. Dazu geh\u00f6ren leitende Positionen mit regionaler und internationaler Verantwortung bei Unternehmen wie der Mercedes-Benz AG und zuletzt der smart Europe GmbH. Er verf\u00fcgt \u00fcber einen Executive MBA der Universit\u00e4t St. Gallen und der ETH Z\u00fcrich.<\/p>\n<p>\u201eIch f\u00fchle mich geehrt, bei Hyundai einzusteigen, einer Marke des Fortschritts mit einer einzigartigen Designphilosophie und leistungsstarker Technologie\u201c, sagte Wolfgang W\u00fcrth. \u201eIch freue mich darauf, mit den talentierten Teams zusammenzuarbeiten, um die Pr\u00e4senz der Marke zu st\u00e4rken und unsere Kunden auf dem gesamten Kontinent zu begeistern.\u201c<\/p>\n","protected":false},"excerpt":{"rendered":"Wolfgang W\u00fcrth wird bei Hyundai nun f\u00fcr die Entwicklung und Umsetzung einer integrierten Strategie verantwortlich sein, die die&hellip;\n","protected":false},"author":2,"featured_media":441792,"comment_status":"","ping_status":"","sticky":false,"template":"","format":"standard","meta":{"footnotes":"","_share_on_mastodon":"0"},"categories":[3933],"tags":[331,332,41238,548,663,158,3934,3935,9838,43910,43913,43911,13,43912,14,15,1892,12,5019],"class_list":["post-441791","post","type-post","status-publish","format-standard","has-post-thumbnail","category-eu","tag-aktuelle-nachrichten","tag-aktuelle-news","tag-autotest","tag-eu","tag-europa","tag-europaeische-union","tag-europe","tag-european-union","tag-finanzierung","tag-firmenwagen","tag-flottenmanagement","tag-fuhrpark","tag-headlines","tag-leasing","tag-nachrichten","tag-news","tag-pkw","tag-schlagzeilen","tag-versicherung"],"share_on_mastodon":{"url":"https:\/\/pubeurope.com\/@de\/115246910981268521","error":""},"_links":{"self":[{"href":"https:\/\/www.europesays.com\/de\/wp-json\/wp\/v2\/posts\/441791","targetHints":{"allow":["GET"]}}],"collection":[{"href":"https:\/\/www.europesays.com\/de\/wp-json\/wp\/v2\/posts"}],"about":[{"href":"https:\/\/www.europesays.com\/de\/wp-json\/wp\/v2\/types\/post"}],"author":[{"embeddable":true,"href":"https:\/\/www.europesays.com\/de\/wp-json\/wp\/v2\/users\/2"}],"replies":[{"embeddable":true,"href":"https:\/\/www.europesays.com\/de\/wp-json\/wp\/v2\/comments?post=441791"}],"version-history":[{"count":0,"href":"https:\/\/www.europesays.com\/de\/wp-json\/wp\/v2\/posts\/441791\/revisions"}],"wp:featuredmedia":[{"embeddable":true,"href":"https:\/\/www.europesays.com\/de\/wp-json\/wp\/v2\/media\/441792"}],"wp:attachment":[{"href":"https:\/\/www.europesays.com\/de\/wp-json\/wp\/v2\/media?parent=441791"}],"wp:term":[{"taxonomy":"category","embeddable":true,"href":"https:\/\/www.europesays.com\/de\/wp-json\/wp\/v2\/categories?post=441791"},{"taxonomy":"post_tag","embeddable":true,"href":"https:\/\/www.europesays.com\/de\/wp-json\/wp\/v2\/tags?post=441791"}],"curies":[{"name":"wp","href":"https:\/\/api.w.org\/{rel}","templated":true}]}}