{"id":441984,"date":"2025-09-22T09:55:11","date_gmt":"2025-09-22T09:55:11","guid":{"rendered":"https:\/\/www.europesays.com\/de\/441984\/"},"modified":"2025-09-22T09:55:11","modified_gmt":"2025-09-22T09:55:11","slug":"bpoli-s-reisende-beleidigt-und-notbremse-gezogen","status":"publish","type":"post","link":"https:\/\/www.europesays.com\/de\/441984\/","title":{"rendered":"BPOLI S: Reisende beleidigt und Notbremse gezogen"},"content":{"rendered":"<p class=\"date\">22.09.2025 \u2013 11:46<\/p>\n<p class=\"customer\">\n                        <a class=\"story-customer\" title=\"weiter zum newsroom von Bundespolizeiinspektion Stuttgart\" href=\"https:\/\/www.presseportal.de\/blaulicht\/nr\/116091\" rel=\"nofollow noopener\" target=\"_blank\">Bundespolizeiinspektion Stuttgart<\/a>\n                    <\/p>\n<p><a data-category=\"citylink-story-view\" data-action=\"click\" data-label=\"Citylink in Meldungsansicht\" class=\"story-city event-trigger\" href=\"https:\/\/www.presseportal.de\/regional\/Waiblingen%252FWinnenden%252FSchweikheim\" title=\"News aus Waiblingen\/Winnenden\/Schweikheim \" rel=\"nofollow noopener\" target=\"_blank\">Waiblingen\/Winnenden\/Schweikheim<\/a> (ots)<\/p>\n<p>Zu einer Beleidigung durch einen 50 Jahre alten Mann ist es am Samstagmorgen (20.09.2025) gegen 06:05 Uhr in einer S-Bahn der Linie S2 zwischen Bad Cannstatt und Waiblingen gekommen.<\/p>\n<p>Ersten Erkenntnissen zufolge beleidigte der 50-j\u00e4hrige deutsche Staatsangeh\u00f6rige eine Reisende im Alter von 35 Jahren aus noch unbekannten Gr\u00fcnden verbal, woraufhin die Frau mit italienischer Staatsangeh\u00f6rigkeit die Bundespolizei alarmierte. Die eingesetzten Beamten trafen den Tatverd\u00e4chtigen beim Halt der S2 an der N\u00fcrnberger Stra\u00dfe an und unterzogen ihn den polizeilichen Ma\u00dfnahmen. Ein Ermittlungsverfahren wegen des Verdachts der Beleidigung wurde eingeleitet.<\/p>\n<p>Kurze Zeit sp\u00e4ter gegen 07:20 Uhr wurde erneut eine Polizeistreife alarmiert, nachdem der 50-J\u00e4hrige am Bahnhof in Winnenden randaliert und eine 69 Jahre alte Frau mit deutscher Staatsangeh\u00f6rigkeit beleidigt haben soll. Anschlie\u00dfend stieg er in eine S-Bahn in Richtung Schwaikheim und zog nach derzeitigem Kenntnisstand w\u00e4hrend der Fahrt grundlos die Notbremse.<\/p>\n<p>Aufgrund seines mutma\u00dflich psychischen Ausnahmezustandes wurde der Mann in ein Krankenhaus gebracht.<\/p>\n<p class=\"contact-headline\">R\u00fcckfragen bitte an:<\/p>\n<p class=\"contact-text\">Bundespolizeiinspektion Stuttgart<br \/>Meriam Kielneker<br \/>Telefon: 0711\/55049 1050<br \/>E-Mail: <a href=\"https:\/\/www.presseportal.de\/blaulicht\/pm\/116091\/mailto: bpoli.stuttgart.oea@polizei.bund.de\" class=\"uri-mailto\" rel=\"nofollow noopener\" target=\"_blank\"> bpoli.stuttgart.oea@polizei.bund.de<\/a><br \/><a target=\"_blank\" class=\"uri-ext outbound\" rel=\"noopener nofollow\" href=\"https:\/\/www.bundespolizei.de\">www.bundespolizei.de<\/a><br \/><a target=\"_blank\" class=\"uri-ext outbound\" rel=\"noopener nofollow\" href=\"http:\/\/www.twitter.com\/bpol_bw\">http:\/\/www.twitter.com\/bpol_bw<\/a><\/p>\n<p class=\"originator\">Original-Content von: Bundespolizeiinspektion Stuttgart, \u00fcbermittelt durch news aktuell<\/p>\n<p>            <script async src=\"https:\/\/platform.twitter.com\/widgets.js\" charset=\"utf-8\"><\/script><\/p>\n","protected":false},"excerpt":{"rendered":"22.09.2025 \u2013 11:46 Bundespolizeiinspektion Stuttgart Waiblingen\/Winnenden\/Schweikheim (ots) Zu einer Beleidigung durch einen 50 Jahre alten Mann ist es&hellip;\n","protected":false},"author":2,"featured_media":428773,"comment_status":"","ping_status":"","sticky":false,"template":"","format":"standard","meta":{"footnotes":""},"categories":[1830],"tags":[1634,6187,3364,29,30,177,121,178,180,179,181,1441],"class_list":{"0":"post-441984","1":"post","2":"type-post","3":"status-publish","4":"format-standard","5":"has-post-thumbnail","7":"category-stuttgart","8":"tag-baden-wuerttemberg","9":"tag-bw","10":"tag-de","11":"tag-deutschland","12":"tag-germany","13":"tag-kriminalitt","14":"tag-polizei","15":"tag-presse","16":"tag-pressemeldung","17":"tag-pressemitteilung","18":"tag-pressemitteilungen","19":"tag-stuttgart"},"share_on_mastodon":{"url":"https:\/\/pubeurope.com\/@de\/115247351347338804","error":""},"_links":{"self":[{"href":"https:\/\/www.europesays.com\/de\/wp-json\/wp\/v2\/posts\/441984","targetHints":{"allow":["GET"]}}],"collection":[{"href":"https:\/\/www.europesays.com\/de\/wp-json\/wp\/v2\/posts"}],"about":[{"href":"https:\/\/www.europesays.com\/de\/wp-json\/wp\/v2\/types\/post"}],"author":[{"embeddable":true,"href":"https:\/\/www.europesays.com\/de\/wp-json\/wp\/v2\/users\/2"}],"replies":[{"embeddable":true,"href":"https:\/\/www.europesays.com\/de\/wp-json\/wp\/v2\/comments?post=441984"}],"version-history":[{"count":0,"href":"https:\/\/www.europesays.com\/de\/wp-json\/wp\/v2\/posts\/441984\/revisions"}],"wp:featuredmedia":[{"embeddable":true,"href":"https:\/\/www.europesays.com\/de\/wp-json\/wp\/v2\/media\/428773"}],"wp:attachment":[{"href":"https:\/\/www.europesays.com\/de\/wp-json\/wp\/v2\/media?parent=441984"}],"wp:term":[{"taxonomy":"category","embeddable":true,"href":"https:\/\/www.europesays.com\/de\/wp-json\/wp\/v2\/categories?post=441984"},{"taxonomy":"post_tag","embeddable":true,"href":"https:\/\/www.europesays.com\/de\/wp-json\/wp\/v2\/tags?post=441984"}],"curies":[{"name":"wp","href":"https:\/\/api.w.org\/{rel}","templated":true}]}}