{"id":442347,"date":"2025-09-22T13:16:12","date_gmt":"2025-09-22T13:16:12","guid":{"rendered":"https:\/\/www.europesays.com\/de\/442347\/"},"modified":"2025-09-22T13:16:12","modified_gmt":"2025-09-22T13:16:12","slug":"drei-einbrueche-am-wochenende-im-kreis-viersen","status":"publish","type":"post","link":"https:\/\/www.europesays.com\/de\/442347\/","title":{"rendered":"Drei Einbr\u00fcche am Wochenende im Kreis Viersen"},"content":{"rendered":"<p class=\"text_ohne_einzug richtext text-em-55 !leading-serif mx-6 desktop:mx-0\">Die <a href=\"https:\/\/rp-online.de\/thema\/polizei\/\" rel=\"nofollow noopener\" target=\"_blank\">Polizei<\/a> im Kreis Viersen ist nach drei Einbr\u00fcchen vom Wochenende jetzt auf der Suche nach Zeugen. Zwischen Samstag, 20. September 22 Uhr, und Sonntagmorgen, 21. September 1 Uhr, brachen unbekannte Personen zun\u00e4chst in B\u00fcror\u00e4ume und einen Container der Stadt Viersen im Pestalozziweg in Viersen-Ummer ein. Dabei wurden ein Heizk\u00f6rper und diverses elektronisches Werkzeug entwendet.<\/p>\n","protected":false},"excerpt":{"rendered":"Die Polizei im Kreis Viersen ist nach drei Einbr\u00fcchen vom Wochenende jetzt auf der Suche nach Zeugen. Zwischen&hellip;\n","protected":false},"author":2,"featured_media":442348,"comment_status":"","ping_status":"","sticky":false,"template":"","format":"standard","meta":{"footnotes":"","_share_on_mastodon":"0"},"categories":[1849],"tags":[3364,29,2819,114659,42223,548,663,3934,30,13,7739,4455,14,15,1209,10321,12,5530,18183,4749,626,4996],"class_list":["post-442347","post","type-post","status-publish","format-standard","has-post-thumbnail","category-moenchengladbach","tag-de","tag-deutschland","tag-einbruch","tag-einbruechen","tag-entwendet","tag-eu","tag-europa","tag-europe","tag-germany","tag-headlines","tag-kreis","tag-moenchengladbach","tag-nachrichten","tag-news","tag-nordrhein-westfalen","tag-person","tag-schlagzeilen","tag-unbekannte","tag-viersen","tag-wochenende","tag-wohnung","tag-zeugen"],"share_on_mastodon":{"url":"https:\/\/pubeurope.com\/@de\/115248141878875171","error":""},"_links":{"self":[{"href":"https:\/\/www.europesays.com\/de\/wp-json\/wp\/v2\/posts\/442347","targetHints":{"allow":["GET"]}}],"collection":[{"href":"https:\/\/www.europesays.com\/de\/wp-json\/wp\/v2\/posts"}],"about":[{"href":"https:\/\/www.europesays.com\/de\/wp-json\/wp\/v2\/types\/post"}],"author":[{"embeddable":true,"href":"https:\/\/www.europesays.com\/de\/wp-json\/wp\/v2\/users\/2"}],"replies":[{"embeddable":true,"href":"https:\/\/www.europesays.com\/de\/wp-json\/wp\/v2\/comments?post=442347"}],"version-history":[{"count":0,"href":"https:\/\/www.europesays.com\/de\/wp-json\/wp\/v2\/posts\/442347\/revisions"}],"wp:featuredmedia":[{"embeddable":true,"href":"https:\/\/www.europesays.com\/de\/wp-json\/wp\/v2\/media\/442348"}],"wp:attachment":[{"href":"https:\/\/www.europesays.com\/de\/wp-json\/wp\/v2\/media?parent=442347"}],"wp:term":[{"taxonomy":"category","embeddable":true,"href":"https:\/\/www.europesays.com\/de\/wp-json\/wp\/v2\/categories?post=442347"},{"taxonomy":"post_tag","embeddable":true,"href":"https:\/\/www.europesays.com\/de\/wp-json\/wp\/v2\/tags?post=442347"}],"curies":[{"name":"wp","href":"https:\/\/api.w.org\/{rel}","templated":true}]}}