{"id":442372,"date":"2025-09-22T13:31:11","date_gmt":"2025-09-22T13:31:11","guid":{"rendered":"https:\/\/www.europesays.com\/de\/442372\/"},"modified":"2025-09-22T13:31:11","modified_gmt":"2025-09-22T13:31:11","slug":"russland-bundeswehr-plant-mit-1-000-verwundeten-soldaten-pro-tag-im-kriegsfall","status":"publish","type":"post","link":"https:\/\/www.europesays.com\/de\/442372\/","title":{"rendered":"Russland: Bundeswehr plant mit 1.000 verwundeten Soldaten pro Tag im Kriegsfall"},"content":{"rendered":"<p class=\"paragraph article__item\">Die <a class=\"rtr-entity\" href=\"https:\/\/www.zeit.de\/thema\/bundeswehr\" rel=\"nofollow noopener\" target=\"_blank\">Bundeswehr<\/a> plant im hypothetischen Falle eines Krieges mit Russland, etwa 1.000 verwundeten Soldaten t\u00e4glich versorgen zu m\u00fcssen. &#8222;Realistisch gesehen, sprechen wir von einer Zahl um die 1.000 verwundeten Soldaten pro Tag&#8220;, sagte Generaloberstabsarzt Ralf Hoffmann der Nachrichtenagentur Reuters. Die Zahl der verwundeten Soldatinnen und Soldaten im Kriegsfall h\u00e4nge von der Intensit\u00e4t der K\u00e4mpfe ab und davon, welche milit\u00e4rischen Einheiten involviert seien.\u00a0\n<\/p>\n<p class=\"paragraph article__item\">Die Nato warnt davor, dass <a class=\"rtr-entity\" href=\"https:\/\/www.zeit.de\/thema\/russland\" rel=\"nofollow noopener\" target=\"_blank\">Russland<\/a> theoretisch 2029 in der Lage sein k\u00f6nnte, Mitgliedsstaaten anzugreifen. Russland weist den Vorwurf, sich auf einen Krieg mit dem westlichen Milit\u00e4rb\u00fcndnis vorzubereiten, zur\u00fcck. Zuletzt hatten aber die Spannungen zwischen der Nato und der Regierung in Moskau unter anderem zugenommen, nachdem <a href=\"https:\/\/www.zeit.de\/politik\/ausland\/2025-09\/estland-russland-eindringen-russland-kampfflugzeuge\" class=\"\" target=\"_blank\" rel=\"nofollow noopener\">Estland das Eindringen russischer Kampfflugzeuge gemeldet hatte<\/a>.\u00a0\n<\/p>\n<p class=\"paragraph article__item\">Vor dem Hintergrund des russischen Angriffs auf die Ukraine 2022 verst\u00e4rken die europ\u00e4ischen Staaten ihre Streitkr\u00e4fte, einschlie\u00dflich ihrer medizinischen Einrichtungen, ihre Vorbereitungen auf einen m\u00f6glichen Konflikt mit Russland.\u00a0\n<\/p>\n<p>        Medizinisches Training und Transport        <\/p>\n<p class=\"paragraph article__item\">&#8222;Die Art der Kriegsf\u00fchrung in der Ukraine hat sich dramatisch ver\u00e4ndert&#8220;, sagte Hoffmann. Deswegen passe auch Deutschland sein medizinisches<br \/>\n Training fortlaufend an und greift dabei auch auf Erfahrungen aus dem<br \/>\nrussischen Angriffskrieg in der Ukraine zur\u00fcck. Verwundungen, die durch Drohnen verursacht werden, seien schwerwiegender. Zudem erschwerten Drohnen die Evakuierung verletzter Soldaten an der Front in der Ukraine.<\/p>\n<p>                            \u00a9\u00a0Lea Dohle<\/p>\n<p>\n                                        Newsletter<br \/>\n                                        Neu: Nur eine Frage<\/p>\n<p class=\"newsletter-signup__text\">In diesem Newsletter weisen wir auf neue &#8222;Nur eine Frage&#8220;-Podcast-Folgen hin. Zudem erhalten Sie erg\u00e4nzendes Material zu den Gespr\u00e4chen \u2013 wie Videos oder Texte.<\/p>\n<p class=\"newsletter-signup__datapolicy\" hidden=\"\">\n            Mit Ihrer Registrierung nehmen Sie die <a href=\"https:\/\/datenschutz.zeit.de\/zon#Newsletter\" target=\"_blank\" rel=\"nofollow noopener\">Datenschutzerkl\u00e4rung<\/a><br \/>\n     zur Kenntnis.\n        <\/p>\n<p>    Vielen Dank! Wir haben Ihnen eine E-Mail geschickt.<\/p>\n<p>Pr\u00fcfen Sie Ihr Postfach und best\u00e4tigen Sie das Newsletter-Abonnement.<\/p>\n<p class=\"paragraph article__item\">F\u00fcr flexible Transportm\u00f6glichkeiten verwundeter Soldaten pr\u00fcfe die Bundeswehr den Einsatz von Lazarettz\u00fcgen und -bussen, sagte Hoffmann. Erstere w\u00fcrden auch in der Ukraine eingesetzt. Zudem wird laut Hoffmann die medizinische Evakuierungen aus der Luft ausgebaut. Auch der Sanit\u00e4tsdienst der Bundeswehr mit aktuell\u00a015.000 Soldaten werde erweitert, um den k\u00fcnftigen Bedarf zu decken.\n<\/p>\n<p class=\"paragraph article__item\">Die Verwundeten w\u00fcrden zun\u00e4chst an der Front versorgt, bevor sie zur Behandlung nach Deutschland zur\u00fcckgebracht w\u00fcrden, wo sie \u00fcberwiegend in zivilen Krankenh\u00e4usern versorgt w\u00fcrden, sagte Hoffmann. Er sch\u00e4tzte den Bedarf in deutschen Krankenh\u00e4usern deswegen auf etwa 15.000 Krankenhausbetten von insgesamt bis zu 440.000 Betten.<\/p>\n<p class=\"paragraph article__item\">Dieser Artikel wird weiter aktualisiert.<\/p>\n","protected":false},"excerpt":{"rendered":"Die Bundeswehr plant im hypothetischen Falle eines Krieges mit Russland, etwa 1.000 verwundeten Soldaten t\u00e4glich versorgen zu m\u00fcssen.&hellip;\n","protected":false},"author":2,"featured_media":442373,"comment_status":"","ping_status":"","sticky":false,"template":"","format":"standard","meta":{"footnotes":"","_share_on_mastodon":"0"},"categories":[4013],"tags":[331,332,685,13,114666,14,1159,15,16,4043,4044,850,307,12],"class_list":["post-442372","post","type-post","status-publish","format-standard","has-post-thumbnail","category-russland","tag-aktuelle-nachrichten","tag-aktuelle-news","tag-bundeswehr","tag-headlines","tag-kriegsfall","tag-nachrichten","tag-nato","tag-news","tag-politik","tag-russia","tag-russian-federation","tag-russische-foederation","tag-russland","tag-schlagzeilen"],"share_on_mastodon":{"url":"https:\/\/pubeurope.com\/@de\/115248200814189013","error":""},"_links":{"self":[{"href":"https:\/\/www.europesays.com\/de\/wp-json\/wp\/v2\/posts\/442372","targetHints":{"allow":["GET"]}}],"collection":[{"href":"https:\/\/www.europesays.com\/de\/wp-json\/wp\/v2\/posts"}],"about":[{"href":"https:\/\/www.europesays.com\/de\/wp-json\/wp\/v2\/types\/post"}],"author":[{"embeddable":true,"href":"https:\/\/www.europesays.com\/de\/wp-json\/wp\/v2\/users\/2"}],"replies":[{"embeddable":true,"href":"https:\/\/www.europesays.com\/de\/wp-json\/wp\/v2\/comments?post=442372"}],"version-history":[{"count":0,"href":"https:\/\/www.europesays.com\/de\/wp-json\/wp\/v2\/posts\/442372\/revisions"}],"wp:featuredmedia":[{"embeddable":true,"href":"https:\/\/www.europesays.com\/de\/wp-json\/wp\/v2\/media\/442373"}],"wp:attachment":[{"href":"https:\/\/www.europesays.com\/de\/wp-json\/wp\/v2\/media?parent=442372"}],"wp:term":[{"taxonomy":"category","embeddable":true,"href":"https:\/\/www.europesays.com\/de\/wp-json\/wp\/v2\/categories?post=442372"},{"taxonomy":"post_tag","embeddable":true,"href":"https:\/\/www.europesays.com\/de\/wp-json\/wp\/v2\/tags?post=442372"}],"curies":[{"name":"wp","href":"https:\/\/api.w.org\/{rel}","templated":true}]}}