{"id":442627,"date":"2025-09-22T15:54:20","date_gmt":"2025-09-22T15:54:20","guid":{"rendered":"https:\/\/www.europesays.com\/de\/442627\/"},"modified":"2025-09-22T15:54:20","modified_gmt":"2025-09-22T15:54:20","slug":"literaturhaus-kluetz-in-mv-laedt-michel-friedman-aus-aus-angst","status":"publish","type":"post","link":"https:\/\/www.europesays.com\/de\/442627\/","title":{"rendered":"Literaturhaus Kl\u00fctz in MV l\u00e4dt Michel Friedman aus &#8211; aus Angst"},"content":{"rendered":"<p>        <img decoding=\"async\" src=\"https:\/\/www.europesays.com\/de\/wp-content\/uploads\/2025\/09\/friedman-106.webp\" alt=\"Der Publizist, Jurist und Moderator Michel Friedman ist zu Gast in der NDR Talk Show am 5. September 2025.\" title=\"Der Publizist, Jurist und Moderator Michel Friedman ist zu Gast in der NDR Talk Show am 5. September 2025. | NDR Fernsehen\/Uwe Ernst\" class=\"responsive\"\/><\/p>\n<p>\n            Stand: 22.09.2025 17:21 Uhr<\/p>\n<p class=\"preface\">Michel Friedman sollte im mecklenburgischen Kl\u00fctz \u00fcber Demokratie sprechen. Doch nun sagten die Veranstalter den Auftritt ab &#8211; wohl aus Angst vor rechten Protesten. Friedman reagierte emp\u00f6rt.<\/p>\n<p class=\"\">Erst Ende August war Michel Friedmans Buch &#8222;Mensch!&#8220; erschienen. Es tr\u00e4gt den Untertitel &#8222;Liebeserkl\u00e4rung eines Verzweifelten&#8220;. Als Sohn von Holocaust-\u00dcberlebenden ist er ein energischer K\u00e4mpfer f\u00fcr die Demokratie. In dem Buch warnt er vor Populismus, rechtsextremer Gewalt und gesellschaftlicher Gleichg\u00fcltigkeit.<\/p>\n<p>    Absage der Veranstaltung mit Friedman<\/p>\n<p class=\"\">Mit seinem Buch, seinen Vortr\u00e4gen und Diskussionsrunden ist er ein gern gesehener Gast &#8211; eigentlich. Denn wie Michel Friedman entsprechende Medienberichte best\u00e4tigte, sagte die Stadt Kl\u00fctz in Mecklenburg-Vorpommern eine Veranstaltung mit ihm ab. Im Oktober kommenden Jahres sollte er dort im Literaturhaus Uwe Johnson anl\u00e4sslich des 120. Geburtstages von Hannah Arendt \u00fcber Demokratie sprechen.<\/p>\n<p>        <img decoding=\"async\" src=\"https:\/\/www.europesays.com\/de\/wp-content\/uploads\/2025\/09\/coverfriedmann-100.webp\" alt=\"Cover: Michel Friedman: Mensch!\" title=\"Cover: Michel Friedman: Mensch! | Berlin Verlag\" class=\"responsive\" loading=\"lazy\"\/><\/p>\n<p>Friedmans &#8222;Liebeserkl\u00e4rung eines verzweifelten Demokraten&#8220; ist eine Verteidigungsschrift f\u00fcr Demokratie und Menschenrechte.<\/p>\n<p class=\"\">Die Begr\u00fcndung der Stadt lautete, es k\u00f6nne zu rechten Demonstrationen kommen und es sei mit erheblichen Gegendemonstrationen zu rechnen. Eine Anfrage des NDR f\u00fcr eine Stellungnahme des B\u00fcrgermeisters blieb bislang unbeantwortet.<br \/>Oliver Hintz, der das Uwe Johnson Haus leitet,\u00a0 h\u00e4tte sehr gern an der Einladung festgehalten. Da ihm aber laut eigenen Aussagen mit beruflichen Konsequenzen gedroht wurde, zog er sie im Auftrag der Stadt zur\u00fcck und machte diesen Vorgang dann \u00f6ffentlich.<\/p>\n<p>    Friedman nennt Vorgang &#8222;peinliche Heuchelei&#8220;<\/p>\n<p class=\"\">Michel Friedman selbst hat im Interview mit NDR Kultur den Vorgang scharf kritisiert und griff damit den B\u00fcrgermeister von Kl\u00fctz an. Es sei eine &#8222;peinliche Heuchelei&#8220;, dass der B\u00fcrgermeister behaupte, zu seinem (Friedmans) Schutz zu handeln und ihn deshalb auszuladen, anstatt eine Kulturveranstaltung vor Anti-Demokraten polizeilich zu sch\u00fctzen.<\/p>\n<p>    Streit mit Literaturhaus-Mitarbeiterin soll Ausl\u00f6ser sein<\/p>\n<p class=\"\">Hintergrund ist laut dem Zeitungsartikel ein Streit zwischen Hintz und einer Mitarbeiterin des Literaturhauses. Sie hatte wohl gesagt, dass es keine Lesung mit Friedman gebe, solange sie dort arbeite. Hintz aber habe an der Einladung festgehalten.<\/p>\n<p class=\"\">Daraufhin habe sich die Frau an die Stadt gewandt. Amtierender B\u00fcrgermeister ist J\u00fcrgen Mevius von der Unabh\u00e4ngigen W\u00e4hlergemeinschaft UWG. Von dort und vom Literaturhaus liegen bislang keine Stellungnahmen vor.<\/p>\n<p>\n            <strong>Video:<\/strong><br \/>\n            Publizist, Jurist und Moderator Michel Friedman (20 Min)\n        <\/p>\n<p>        <img decoding=\"async\" src=\"https:\/\/www.europesays.com\/de\/wp-content\/uploads\/2025\/09\/coverfriedmann-100.webp\" alt=\"Cover: Michel Friedman: Mensch!\" title=\"Cover: Michel Friedman: Mensch! | Berlin Verlag\" class=\"responsive\" loading=\"lazy\"\/><\/p>\n<p>Friedmans &#8222;Liebeserkl\u00e4rung eines verzweifelten Demokraten&#8220; ist eine Verteidigungsschrift f\u00fcr Demokratie und Menschenrechte.<\/p>\n<p>        <img decoding=\"async\" src=\"https:\/\/www.europesays.com\/de\/wp-content\/uploads\/2025\/09\/michelfriedman-100.webp\" alt=\"Ein Mann mit grauen Haaren und m\u00fcden Augen l\u00e4chelt in die Kamera.\" title=\"Ein Mann mit grauen Haaren und m\u00fcden Augen l\u00e4chelt in die Kamera. | picture alliance\/dpa | Soeren Stache\" class=\"responsive\" loading=\"lazy\"\/><\/p>\n<p>Der Philosoph und Publizist hat die Veranstaltung zusammen mit Igor Levit initiiert.<\/p>\n<p>        <img decoding=\"async\" src=\"https:\/\/www.europesays.com\/de\/wp-content\/uploads\/2025\/09\/friedman-108.webp\" alt=\"Der Publizist, Jurist und Moderator Michel Friedman ist zu Gast in der NDR Talk Show am 5. September 2025.\" title=\"Der Publizist, Jurist und Moderator Michel Friedman ist zu Gast in der NDR Talk Show am 5. September 2025. | NDR Fernsehen\/Uwe Ernst\" class=\"responsive\" loading=\"lazy\"\/><\/p>\n<p>In seinem neuen Buch &#8222;Mensch&#8220; warnt er vor Populismus, rechtsextremer Gewalt und gesellschaftlicher Gleichg\u00fcltigkeit.<\/p>\n<p>        <img decoding=\"async\" src=\"https:\/\/www.europesays.com\/de\/wp-content\/uploads\/2025\/09\/mvfoto5214.webp\" alt=\"Eine B\u00fcste des Schriftstellers Uwe Johnson.\" title=\"Eine B\u00fcste des Schriftstellers Uwe Johnson. | NDR, Raik Raupach\" class=\"responsive\" loading=\"lazy\"\/><\/p>\n<p>Beim Auftakt in der Regionalbibliothek Neubrandenburg ist die Preistr\u00e4gerin vom vergangenen Jahr Iris Wolf zu Gast.<\/p>\n<p>        <img decoding=\"async\" src=\"https:\/\/www.europesays.com\/de\/wp-content\/uploads\/2025\/09\/arendt116.webp\" alt=\"Hannah Arendt\" title=\"Hannah Arendt | picture-alliance\/AP Images\" class=\"responsive\" loading=\"lazy\"\/><\/p>\n<p>Nach der NS-Zeit analysierte die Politologin die Wirkung totalit\u00e4rer Herrschaft und l\u00f6ste kontroverse Debatten aus.<\/p>\n","protected":false},"excerpt":{"rendered":"Stand: 22.09.2025 17:21 Uhr Michel Friedman sollte im mecklenburgischen Kl\u00fctz \u00fcber Demokratie sprechen. Doch nun sagten die Veranstalter&hellip;\n","protected":false},"author":2,"featured_media":442628,"comment_status":"","ping_status":"","sticky":false,"template":"","format":"standard","meta":{"footnotes":""},"categories":[2],"tags":[29,30,13,1351,14,15,12,10,8,9,11],"class_list":{"0":"post-442627","1":"post","2":"type-post","3":"status-publish","4":"format-standard","5":"has-post-thumbnail","7":"category-deutschland","8":"tag-deutschland","9":"tag-germany","10":"tag-headlines","11":"tag-mecklenburg-vorpommern","12":"tag-nachrichten","13":"tag-news","14":"tag-schlagzeilen","15":"tag-top-news","16":"tag-top-meldungen","17":"tag-topmeldungen","18":"tag-topnews"},"share_on_mastodon":{"url":"https:\/\/pubeurope.com\/@de\/115248763628391306","error":""},"_links":{"self":[{"href":"https:\/\/www.europesays.com\/de\/wp-json\/wp\/v2\/posts\/442627","targetHints":{"allow":["GET"]}}],"collection":[{"href":"https:\/\/www.europesays.com\/de\/wp-json\/wp\/v2\/posts"}],"about":[{"href":"https:\/\/www.europesays.com\/de\/wp-json\/wp\/v2\/types\/post"}],"author":[{"embeddable":true,"href":"https:\/\/www.europesays.com\/de\/wp-json\/wp\/v2\/users\/2"}],"replies":[{"embeddable":true,"href":"https:\/\/www.europesays.com\/de\/wp-json\/wp\/v2\/comments?post=442627"}],"version-history":[{"count":0,"href":"https:\/\/www.europesays.com\/de\/wp-json\/wp\/v2\/posts\/442627\/revisions"}],"wp:featuredmedia":[{"embeddable":true,"href":"https:\/\/www.europesays.com\/de\/wp-json\/wp\/v2\/media\/442628"}],"wp:attachment":[{"href":"https:\/\/www.europesays.com\/de\/wp-json\/wp\/v2\/media?parent=442627"}],"wp:term":[{"taxonomy":"category","embeddable":true,"href":"https:\/\/www.europesays.com\/de\/wp-json\/wp\/v2\/categories?post=442627"},{"taxonomy":"post_tag","embeddable":true,"href":"https:\/\/www.europesays.com\/de\/wp-json\/wp\/v2\/tags?post=442627"}],"curies":[{"name":"wp","href":"https:\/\/api.w.org\/{rel}","templated":true}]}}