{"id":443183,"date":"2025-09-22T21:17:12","date_gmt":"2025-09-22T21:17:12","guid":{"rendered":"https:\/\/www.europesays.com\/de\/443183\/"},"modified":"2025-09-22T21:17:12","modified_gmt":"2025-09-22T21:17:12","slug":"bundesliga-f-jena-frauen-mit-muenchner-rueckenwind-gegen-aufsteiger-union-berlin","status":"publish","type":"post","link":"https:\/\/www.europesays.com\/de\/443183\/","title":{"rendered":"Bundesliga (F): Jena-Frauen mit M\u00fcnchner R\u00fcckenwind gegen Aufsteiger Union Berlin"},"content":{"rendered":"<p class=\"text\">\nDie Gastgeber gehen mit einer Portion mehr Selbstvertrauen in das Heimspiel: &#8222;Das Bayern-Spiel hat gezeigt, was in der Mannschaft vor allem gegen den Ball steckt&#8220;, sagte Trainer Florian K\u00e4stner im Interview mit SPORT IM OSTEN. Keeperin Hannah Etzold hielt an der Isar trotz 30 Torsch\u00fcssen den Kasten sauber: &#8222;Die Freude war riesig, keiner h\u00e4tte damit gerechnet,dass wir in M\u00fcnchen einen Punkt mitnehmen.&#8220; Dazu trug auch die Jenaer Defensive bei: &#8222;Wir stehen im Block sehr gut, vorne haben wir schnelle Spielerinnen, die gut Konter einleiten und Tore schie\u00dfen k\u00f6nnen.&#8220;<\/p>\n","protected":false},"excerpt":{"rendered":"Die Gastgeber gehen mit einer Portion mehr Selbstvertrauen in das Heimspiel: &#8222;Das Bayern-Spiel hat gezeigt, was in der&hellip;\n","protected":false},"author":2,"featured_media":443184,"comment_status":"","ping_status":"","sticky":false,"template":"","format":"standard","meta":{"footnotes":"","_share_on_mastodon":"0"},"categories":[1825],"tags":[10417,296,299,29,458,12438,114878,28495,3236,347,30,114879,81,114880,3499,265,3498],"class_list":["post-443183","post","type-post","status-publish","format-standard","has-post-thumbnail","category-berlin","tag-4-spieltag","tag-berlin","tag-bundesliga","tag-deutschland","tag-fc-bayern-muenchen","tag-fc-carl-zeiss-jena","tag-fc-union-berlin","tag-florian-kaestner","tag-frauen","tag-fussball","tag-germany","tag-hannah-etzold","tag-mdr","tag-ostderby","tag-spio","tag-sport","tag-sport-im-osten"],"share_on_mastodon":{"url":"https:\/\/pubeurope.com\/@de\/115250033275125126","error":""},"_links":{"self":[{"href":"https:\/\/www.europesays.com\/de\/wp-json\/wp\/v2\/posts\/443183","targetHints":{"allow":["GET"]}}],"collection":[{"href":"https:\/\/www.europesays.com\/de\/wp-json\/wp\/v2\/posts"}],"about":[{"href":"https:\/\/www.europesays.com\/de\/wp-json\/wp\/v2\/types\/post"}],"author":[{"embeddable":true,"href":"https:\/\/www.europesays.com\/de\/wp-json\/wp\/v2\/users\/2"}],"replies":[{"embeddable":true,"href":"https:\/\/www.europesays.com\/de\/wp-json\/wp\/v2\/comments?post=443183"}],"version-history":[{"count":0,"href":"https:\/\/www.europesays.com\/de\/wp-json\/wp\/v2\/posts\/443183\/revisions"}],"wp:featuredmedia":[{"embeddable":true,"href":"https:\/\/www.europesays.com\/de\/wp-json\/wp\/v2\/media\/443184"}],"wp:attachment":[{"href":"https:\/\/www.europesays.com\/de\/wp-json\/wp\/v2\/media?parent=443183"}],"wp:term":[{"taxonomy":"category","embeddable":true,"href":"https:\/\/www.europesays.com\/de\/wp-json\/wp\/v2\/categories?post=443183"},{"taxonomy":"post_tag","embeddable":true,"href":"https:\/\/www.europesays.com\/de\/wp-json\/wp\/v2\/tags?post=443183"}],"curies":[{"name":"wp","href":"https:\/\/api.w.org\/{rel}","templated":true}]}}