{"id":443621,"date":"2025-09-23T01:23:15","date_gmt":"2025-09-23T01:23:15","guid":{"rendered":"https:\/\/www.europesays.com\/de\/443621\/"},"modified":"2025-09-23T01:23:15","modified_gmt":"2025-09-23T01:23:15","slug":"galeria-am-alexanderplatz-bleibt-bis-mindestens-august-2026","status":"publish","type":"post","link":"https:\/\/www.europesays.com\/de\/443621\/","title":{"rendered":"Galeria am Alexanderplatz bleibt bis mindestens August 2026"},"content":{"rendered":"<p class=\"tspB8m0 tspB8m1\">Das <a href=\"https:\/\/www.tagesspiegel.de\/berlin\/landesbibliothek-am-alex-dieses-berliner-marchen-muss-wahr-werden-14342522.html?icid=in-text-link_14370602\" class=\"link link--internal\" data-gtm-class=\"article-text-link\" data-gtm-val=\"internal\" target=\"_blank\" rel=\"noopener\">Galeria-Kaufhaus am Alexanderplatz<\/a> bleibt bis mindestens Ende August 2026 erhalten. Das erkl\u00e4rten der Eigent\u00fcmer Commerz Real und Galeria am Montagabend in einer gemeinsamen Pressemitteilung. Beide verl\u00e4ngerten demnach die Nutzungsvereinbarung, die Ende Februar kommenden Jahres ausgelaufen w\u00e4re, bis zum 31. August 2026.<\/p>\n<p class=\"tspB8m0\">\u201eDiese Einigung zeigt, dass wir gemeinsam Verantwortung \u00fcbernehmen \u2013 f\u00fcr die Besch\u00e4ftigten, f\u00fcr den Standort Alexanderplatz und f\u00fcr die Entwicklung der Berliner Innenstadt\u201c, erkl\u00e4rten Commerz Real und GALERIA in der Mitteilung. Am Kaufhaus-Standort im Berliner Zentrum sind 350 Mitarbeitende besch\u00e4ftigt.<\/p>\n<p><a href=\"https:\/\/www.tagesspiegel.de\/berlin\/landesbibliothek-am-alex-dieses-berliner-marchen-muss-wahr-werden-14342522.html?icid=single-topic_14370602___\" data-gtm-class=\"article-mzt-link\" class=\"tspCFno\" target=\"_blank\" rel=\"noopener\">Landesbibliothek am Alex Dieses Berliner M\u00e4rchen muss wahr werden <\/a><\/p>\n<p class=\"tspB8m0\">Ziel sei es, den Standort in den kommenden Monaten gemeinsam zu einem \u201elebendigen Zentrum aus Handel und Kultur\u201c weiterzuentwickeln. Commerz Real und Galeria erw\u00e4hnten dabei auch explizit eine \u201em\u00f6gliche k\u00fcnftige Mischnutzung mit der Zentral- und Landesbibliothek Berlin (ZLB)\u201c.<\/p>\n<p class=\"tspB8m0\">Berlins <a href=\"https:\/\/www.tagesspiegel.de\/berlin\/berliner-kaufhaus-institution-am-alexanderplatz-wirtschaftssenatorin-giffey-fordert-sicherheit-fur-galeria-beschaftigte-14125445.html?icid=in-text-link_14370602\" class=\"link link--internal\" data-gtm-class=\"article-text-link\" data-gtm-val=\"internal\" target=\"_blank\" rel=\"noopener\">Wirtschaftssenatorin Franziska Giffey (SPD)<\/a> hatte \u00dcberlegungen, die ZLB in das Geb\u00e4ude ziehen zu lassen, j\u00fcngst ausgebremst. \u201eIm Moment haben wir keine seri\u00f6se Finanzierungsgrundlage, um die ZLB dort einziehen zu lassen, auch wenn die Commerz Real sich das w\u00fcnscht und Galeria sich das vorstellen kann\u201c, hatte Giffey im Juni im Wirtschaftsausschuss des Abgeordnetenhauses erkl\u00e4rt.<\/p>\n<p class=\"tspB8m0\">Die ZLB ist bislang an zwei Standorten untergebracht, am Bl\u00fccherplatz und in der Breiten Stra\u00dfe. Schon seit der Fusion der beiden Zentralbibliotheken Ost und West 1995 sollten die beiden Standorte aus Mitte und Kreuzberg zusammengef\u00fchrt werden.\u00a0Bisher scheiterte dies an fehlenden finanziellen Mitteln. <\/p>\n<p> Mehr zum Thema: <a href=\"https:\/\/www.tagesspiegel.de\/berlin\/berliner-wirtschaft\/lidl-kommt-wo-karstadt-ging-ein-streifzug-durch-berlins-neue-warenhaus-wirklichkeit-14071400.html?icid=topic-list_14370602___\" data-gtm-class=\"article-mzt-link\" class=\"tspCFno\" target=\"_blank\" rel=\"noopener\">Lidl kommt, wo Karstadt ging Ein Streifzug durch Berlins neue Warenhaus-Wirklichkeit <\/a><a href=\"https:\/\/www.tagesspiegel.de\/berlin\/berliner-wirtschaft\/galeria-schliesst-woolworth-offnet-der-kaufhaus-discounter-will-zahl-seiner-filialen-in-berlin-verdoppeln-13990736.html?icid=topic-list_14370602___\" data-gtm-class=\"article-mzt-link\" class=\"tspCFno\" target=\"_blank\" rel=\"noopener\">Galeria schlie\u00dft, Woolworth \u00f6ffnet Der Kaufhaus-Discounter will Zahl seiner Filialen in Berlin verdoppeln <\/a><a href=\"https:\/\/www.tagesspiegel.de\/berlin\/bezirke\/recycling-und-begrunung-auf-dem-dach-neue-plane-fur-ehemaligen-karstadt-in-berliner-city-west-13501597.html?icid=topic-list_14370602___\" data-gtm-class=\"article-mzt-link\" class=\"tspCFno\" target=\"_blank\" rel=\"noopener\">L\u00e4den, B\u00fcros und Wohnungen Neue Pl\u00e4ne f\u00fcr ehemaligen Karstadt in der Berliner City West <\/a><\/p>\n<p class=\"tspB8m0\">Im Gespr\u00e4ch war zeitweise auch ein Umzug der ZLB in das <a href=\"https:\/\/checkpoint.tagesspiegel.de\/langmeldung\/2cSJKUWWVOa4GDm0zE7NIT?utm_medium=social-button-nl-web&amp;icid=in-text-link_14370602\" class=\"link link--internal\" data-gtm-class=\"article-text-link\" data-gtm-val=\"internal\" target=\"_blank\" rel=\"noopener\">Geb\u00e4ude des ehemaligen Kaufhauses \u201eGaleries Lafayette\u201c<\/a> in der Friedrichstra\u00dfe. Der Eigent\u00fcmer hatte jedoch vor wenigen Tagen neue Pl\u00e4ne vorgestellt: Demnach soll in dem Geb\u00e4ude ein Mix aus B\u00fcros, Gesch\u00e4ften und Eventfl\u00e4chen entstehen.<\/p>\n","protected":false},"excerpt":{"rendered":"Das Galeria-Kaufhaus am Alexanderplatz bleibt bis mindestens Ende August 2026 erhalten. Das erkl\u00e4rten der Eigent\u00fcmer Commerz Real und&hellip;\n","protected":false},"author":2,"featured_media":443622,"comment_status":"","ping_status":"","sticky":false,"template":"","format":"standard","meta":{"footnotes":""},"categories":[1825],"tags":[9006,296,29,6604,30,27668,525,184,5004,67445],"class_list":{"0":"post-443621","1":"post","2":"type-post","3":"status-publish","4":"format-standard","5":"has-post-thumbnail","7":"category-berlin","8":"tag-alexanderplatz","9":"tag-berlin","10":"tag-deutschland","11":"tag-franziska-giffey","12":"tag-germany","13":"tag-kunst-in-berlin","14":"tag-mitte","15":"tag-spd","16":"tag-staedtebau","17":"tag-warenhaeuser"},"share_on_mastodon":{"url":"https:\/\/pubeurope.com\/@de\/115251000364381032","error":""},"_links":{"self":[{"href":"https:\/\/www.europesays.com\/de\/wp-json\/wp\/v2\/posts\/443621","targetHints":{"allow":["GET"]}}],"collection":[{"href":"https:\/\/www.europesays.com\/de\/wp-json\/wp\/v2\/posts"}],"about":[{"href":"https:\/\/www.europesays.com\/de\/wp-json\/wp\/v2\/types\/post"}],"author":[{"embeddable":true,"href":"https:\/\/www.europesays.com\/de\/wp-json\/wp\/v2\/users\/2"}],"replies":[{"embeddable":true,"href":"https:\/\/www.europesays.com\/de\/wp-json\/wp\/v2\/comments?post=443621"}],"version-history":[{"count":0,"href":"https:\/\/www.europesays.com\/de\/wp-json\/wp\/v2\/posts\/443621\/revisions"}],"wp:featuredmedia":[{"embeddable":true,"href":"https:\/\/www.europesays.com\/de\/wp-json\/wp\/v2\/media\/443622"}],"wp:attachment":[{"href":"https:\/\/www.europesays.com\/de\/wp-json\/wp\/v2\/media?parent=443621"}],"wp:term":[{"taxonomy":"category","embeddable":true,"href":"https:\/\/www.europesays.com\/de\/wp-json\/wp\/v2\/categories?post=443621"},{"taxonomy":"post_tag","embeddable":true,"href":"https:\/\/www.europesays.com\/de\/wp-json\/wp\/v2\/tags?post=443621"}],"curies":[{"name":"wp","href":"https:\/\/api.w.org\/{rel}","templated":true}]}}