{"id":443805,"date":"2025-09-23T03:11:29","date_gmt":"2025-09-23T03:11:29","guid":{"rendered":"https:\/\/www.europesays.com\/de\/443805\/"},"modified":"2025-09-23T03:11:29","modified_gmt":"2025-09-23T03:11:29","slug":"gelsenkirchen-op-verschwiegen-keine-verbeamtung-fuer-lehrerin","status":"publish","type":"post","link":"https:\/\/www.europesays.com\/de\/443805\/","title":{"rendered":"Gelsenkirchen | OP verschwiegen: Keine Verbeamtung f\u00fcr Lehrerin"},"content":{"rendered":"<p>Gelsenkirchen (dpa\/tmn) &#8211; Weil eine Lehrerin bei der amts\u00e4rztlichen Untersuchung eine Bauchraumverh\u00e4rtung samt Operation verschwiegen hat, durfte ihre Verbeamtung abgelehnt werden. Auf ein entsprechendes Urteil des Verwaltungsgerichts Gelsenkirchen weist der Verband deutscher Arbeitsrechtsanw\u00e4lte (VDAA) hin. (Az.: 1 K 5204\/24)<\/p>\n<p>Im konkreten Fall musste eine angestellte Lehrerin zur \u00dcberpr\u00fcfung bei der Amts\u00e4rztin, weil sie verbeamtet werden wollte. Dort erw\u00e4hnte sie, dass sie vor Kurzem zur Abkl\u00e4rung einer Bauchraumverh\u00e4rtung operiert worden sei. Die Amts\u00e4rztin forderte weitere Unterlagen. Sie wies die Lehrerin auch darauf hin, dass diese die Schweigepflichtentbindung f\u00fcr den Arzt widerrufen k\u00f6nne &#8211; das tat die Frau.<\/p>\n<p>Gleichzeitig vereinbarte sie aber einen neuen Termin bei demselben Gesundheitsamt. Bei dieser zweiten Untersuchung verschwieg sie einer anderen Amts\u00e4rztin dann die Operation und die Verh\u00e4rtung, sodass die gesundheitliche Eignung bescheinigt werden sollte.\u00a0<\/p>\n<p>Doch vor der Verbeamtung fiel die doppelte Untersuchung auf. Daraufhin lehnte die zust\u00e4ndige Bezirksregierung D\u00fcsseldorf die Bewerbung der Frau wegen Zweifeln an ihrer charakterlichen Eignung als Lehrerin ab. Zu Recht, so entschied das Gericht.<\/p>\n<p>Als Lehrerin Vorbild f\u00fcr aufrichtiges Verhalten<\/p>\n<p>Die Frau habe die Bauchraumverh\u00e4rtung verschwiegen, um ihre gesundheitliche Eignung zu erschleichen. Das sei mit dem Leitbild eines Lehrers nicht zu vereinbaren, der ein Vorbild f\u00fcr aufrichtiges und regelkonformes Verhalten sei. Die Frau argumentierte zwar, sie halte die Verh\u00e4rtung f\u00fcr medizinisch irrelevant. Doch laut dem Gericht h\u00e4tten ihr die Ausf\u00fchrungen der ersten Amts\u00e4rztin deutlich machen m\u00fcssen, dass die Verbeamtung auch von der Abkl\u00e4rung der Bauchraumverh\u00e4rtung abh\u00e4ngen werde.<\/p>\n<p>Wie sich die Frau dann verhalten habe, sei arglistige T\u00e4uschung, so das Gericht. Selbst wenn sie verbeamtet worden w\u00e4re, h\u00e4tte die Ernennung wieder zur\u00fcckgenommen werden k\u00f6nnen. Das Urteil ist noch nicht rechtskr\u00e4ftig, es kann Berufung beantragt werden.<\/p>\n","protected":false},"excerpt":{"rendered":"Gelsenkirchen (dpa\/tmn) &#8211; Weil eine Lehrerin bei der amts\u00e4rztlichen Untersuchung eine Bauchraumverh\u00e4rtung samt Operation verschwiegen hat, durfte ihre&hellip;\n","protected":false},"author":2,"featured_media":443806,"comment_status":"","ping_status":"","sticky":false,"template":"","format":"standard","meta":{"footnotes":""},"categories":[1848],"tags":[1140,6442,630,4941,3364,29,548,663,3934,3658,30,141,13,4850,14,15,1209,624,1009,12,115000,11747,114999],"class_list":{"0":"post-443805","1":"post","2":"type-post","3":"status-publish","4":"format-standard","5":"has-post-thumbnail","7":"category-gelsenkirchen","8":"tag-arbeit","9":"tag-arbeitsrecht","10":"tag-beruf","11":"tag-cjab","12":"tag-de","13":"tag-deutschland","14":"tag-eu","15":"tag-europa","16":"tag-europe","17":"tag-gelsenkirchen","18":"tag-germany","19":"tag-gesundheit","20":"tag-headlines","21":"tag-lehrer","22":"tag-nachrichten","23":"tag-news","24":"tag-nordrhein-westfalen","25":"tag-ratgeber","26":"tag-recht","27":"tag-schlagzeilen","28":"tag-tmn2324","29":"tag-urteile","30":"tag-verbeamtung"},"share_on_mastodon":{"url":"https:\/\/pubeurope.com\/@de\/115251425010671030","error":""},"_links":{"self":[{"href":"https:\/\/www.europesays.com\/de\/wp-json\/wp\/v2\/posts\/443805","targetHints":{"allow":["GET"]}}],"collection":[{"href":"https:\/\/www.europesays.com\/de\/wp-json\/wp\/v2\/posts"}],"about":[{"href":"https:\/\/www.europesays.com\/de\/wp-json\/wp\/v2\/types\/post"}],"author":[{"embeddable":true,"href":"https:\/\/www.europesays.com\/de\/wp-json\/wp\/v2\/users\/2"}],"replies":[{"embeddable":true,"href":"https:\/\/www.europesays.com\/de\/wp-json\/wp\/v2\/comments?post=443805"}],"version-history":[{"count":0,"href":"https:\/\/www.europesays.com\/de\/wp-json\/wp\/v2\/posts\/443805\/revisions"}],"wp:featuredmedia":[{"embeddable":true,"href":"https:\/\/www.europesays.com\/de\/wp-json\/wp\/v2\/media\/443806"}],"wp:attachment":[{"href":"https:\/\/www.europesays.com\/de\/wp-json\/wp\/v2\/media?parent=443805"}],"wp:term":[{"taxonomy":"category","embeddable":true,"href":"https:\/\/www.europesays.com\/de\/wp-json\/wp\/v2\/categories?post=443805"},{"taxonomy":"post_tag","embeddable":true,"href":"https:\/\/www.europesays.com\/de\/wp-json\/wp\/v2\/tags?post=443805"}],"curies":[{"name":"wp","href":"https:\/\/api.w.org\/{rel}","templated":true}]}}