{"id":444003,"date":"2025-09-23T05:05:12","date_gmt":"2025-09-23T05:05:12","guid":{"rendered":"https:\/\/www.europesays.com\/de\/444003\/"},"modified":"2025-09-23T05:05:12","modified_gmt":"2025-09-23T05:05:12","slug":"feuerwehr-nuernberg-der-massive-brand-eines-reihenmittelhauses-beschaeftigte-ein","status":"publish","type":"post","link":"https:\/\/www.europesays.com\/de\/444003\/","title":{"rendered":"Feuerwehr N\u00fcrnberg: Der massive Brand eines Reihenmittelhauses besch\u00e4ftigte ein &#8230;"},"content":{"rendered":"<p class=\"date\">23.09.2025 \u2013 07:03<\/p>\n<p class=\"customer\">\n                        <a class=\"story-customer\" title=\"weiter zum newsroom von Feuerwehr N\u00fcrnberg\" href=\"https:\/\/www.presseportal.de\/blaulicht\/nr\/171957\" target=\"_blank\" rel=\"noopener\">Feuerwehr N\u00fcrnberg<\/a>\n                    <\/p>\n<p><a data-category=\"citylink-story-view\" data-action=\"click\" data-label=\"Citylink in Meldungsansicht\" class=\"story-city event-trigger\" href=\"https:\/\/www.presseportal.de\/regional\/N%FCrnberg\" title=\"News aus N\u00fcrnberg \" target=\"_blank\" rel=\"noopener\">N\u00fcrnberg<\/a> (ots)<\/p>\n<p>Dramatische Szenen boten sich den ersteintreffenden Feuerwehreinheiten der Wache 5 gegen 2 Uhr in der Marienbader Stra\u00dfe. Dachgescho\u00df, erster Stock und das Treppenhaus standen in Vollbrand, zwei Bewohner versuchten sich durch Spr\u00fcnge aus den oberen Stockwerken in Sicherheit zu bringen. Die sofort eingeleiteten Rettungs- und L\u00f6schma\u00dfnahmen wurden durch die gro\u00dfz\u00fcgig nachalarmierten Einsatzkr\u00e4ften aller N\u00fcrnberger Feuerwachen unterst\u00fctzt. Die verletzen Bewohner wurden dem Rettungsdienst \u00fcbergeben, die evakuierten Menschen aus den Nachbarh\u00e4usern betreut. F\u00fcr einen Hund im Brandhaus kam leider jegliche Hilfe zu sp\u00e4t. Das \u00dcbergreifen des Feuers auf die Nachbarh\u00e4user konnte aber verhindert werden.<br \/>\nDie Marienbader Stra\u00dfe musste f\u00fcr den Einsatz \u00fcber mehrere Stunden voll gesperrt werden.<br \/>\nNeben mehr als 60 Feuerwehrkr\u00e4ften waren Polizei und ein Gro\u00dfaufgebot des Rettungsdienstes im Einsatz. Die Einsatzkr\u00e4fte wurden durch die Freiwillige Feuerwehr Werderau mit Einsatzverpflegung versorgt.<\/p>\n<p>Aktuell ist noch ein L\u00f6schfahrzeug zur Brandwache vor Ort.<\/p>\n<p>[BR\/FW]<\/p>\n<p class=\"contact-headline\">R\u00fcckfragen bitte an:<\/p>\n<p class=\"contact-text\">Feuerwehr N\u00fcrnberg<br \/>Pressestelle<br \/>Telefon: +49 (0)911 231-6400<br \/>Fax: +49 (0)911 231-6405<br \/>E-Mail: <a href=\"https:\/\/www.presseportal.de\/blaulicht\/pm\/171957\/mailto: fw-pressestelle@stadt.nuernberg.de\" class=\"uri-mailto\" target=\"_blank\" rel=\"noopener\"> fw-pressestelle@stadt.nuernberg.de<\/a><\/p>\n<p class=\"originator\">Original-Content von: Feuerwehr N\u00fcrnberg, \u00fcbermittelt durch news aktuell<\/p>\n","protected":false},"excerpt":{"rendered":"23.09.2025 \u2013 07:03 Feuerwehr N\u00fcrnberg N\u00fcrnberg (ots) Dramatische Szenen boten sich den ersteintreffenden Feuerwehreinheiten der Wache 5 gegen&hellip;\n","protected":false},"author":2,"featured_media":428773,"comment_status":"","ping_status":"","sticky":false,"template":"","format":"standard","meta":{"footnotes":""},"categories":[1837],"tags":[772,2919,2918,3364,29,987,985,30,3783,178,180,179,181],"class_list":{"0":"post-444003","1":"post","2":"type-post","3":"status-publish","4":"format-standard","5":"has-post-thumbnail","7":"category-nuernberg","8":"tag-bayern","9":"tag-brand","10":"tag-by","11":"tag-de","12":"tag-deutschland","13":"tag-feuer","14":"tag-feuerwehr","15":"tag-germany","16":"tag-nuernberg","17":"tag-presse","18":"tag-pressemeldung","19":"tag-pressemitteilung","20":"tag-pressemitteilungen"},"share_on_mastodon":{"url":"https:\/\/pubeurope.com\/@de\/115251873316440824","error":""},"_links":{"self":[{"href":"https:\/\/www.europesays.com\/de\/wp-json\/wp\/v2\/posts\/444003","targetHints":{"allow":["GET"]}}],"collection":[{"href":"https:\/\/www.europesays.com\/de\/wp-json\/wp\/v2\/posts"}],"about":[{"href":"https:\/\/www.europesays.com\/de\/wp-json\/wp\/v2\/types\/post"}],"author":[{"embeddable":true,"href":"https:\/\/www.europesays.com\/de\/wp-json\/wp\/v2\/users\/2"}],"replies":[{"embeddable":true,"href":"https:\/\/www.europesays.com\/de\/wp-json\/wp\/v2\/comments?post=444003"}],"version-history":[{"count":0,"href":"https:\/\/www.europesays.com\/de\/wp-json\/wp\/v2\/posts\/444003\/revisions"}],"wp:featuredmedia":[{"embeddable":true,"href":"https:\/\/www.europesays.com\/de\/wp-json\/wp\/v2\/media\/428773"}],"wp:attachment":[{"href":"https:\/\/www.europesays.com\/de\/wp-json\/wp\/v2\/media?parent=444003"}],"wp:term":[{"taxonomy":"category","embeddable":true,"href":"https:\/\/www.europesays.com\/de\/wp-json\/wp\/v2\/categories?post=444003"},{"taxonomy":"post_tag","embeddable":true,"href":"https:\/\/www.europesays.com\/de\/wp-json\/wp\/v2\/tags?post=444003"}],"curies":[{"name":"wp","href":"https:\/\/api.w.org\/{rel}","templated":true}]}}