{"id":444194,"date":"2025-09-23T06:56:12","date_gmt":"2025-09-23T06:56:12","guid":{"rendered":"https:\/\/www.europesays.com\/de\/444194\/"},"modified":"2025-09-23T06:56:12","modified_gmt":"2025-09-23T06:56:12","slug":"brandenburg-berlin-berliner-s-bahn-ausfaelle-und-verspaetungen-auf-den-linien-s1-s7-s8-und-s85","status":"publish","type":"post","link":"https:\/\/www.europesays.com\/de\/444194\/","title":{"rendered":"Brandenburg Berlin: Berliner S-Bahn: Ausf\u00e4lle und Versp\u00e4tungen auf den Linien S1, S7, S8 und S85"},"content":{"rendered":"<p class=\"metatextline\">Stand: 23.09.2025 08:33 Uhr<\/p>\n<p class=\"textabsatz m-ten m-offset-one l-eight l-offset-two columns twelve\">Zwei defekte Stellwerke f\u00fchren im Berliner S-Bahnverkehr zu Einschr\u00e4nkungen. Die S7 f\u00e4hrt zwischen Westkreuz und Potsdam Hauptbahnhof nur im 20-Minuten-Takt, wie die Deutsche Bahn als Betreiber der S-Bahn mitteilte.<br \/>\u00a0<br \/>Auch das defekte Stellwerk in Hohen Neuendorf sorgt wieder f\u00fcr Probleme. Die Linie S1 verkehrt daher zwischen Hohen Neuendorf und Oranienburg nur im 20-Minuten-Takt. Zwischen Frohnau und Hohen Neuendorf besteht S-Bahn-Pendelverkehr im 20-Minuten-Takt. Zwischen Wannsee und Frohnau f\u00e4hrt die S1 nach Angaben der S-Bahn im 10-Minuten-Takt, in der Gegenrichtung kommt es am Morgen jedoch auch hier zu zahlreichen Ausf\u00e4llen.<\/p>\n<p>            <img loading=\"lazy\" decoding=\"async\" class=\"ts-image\" src=\"https:\/\/www.europesays.com\/de\/wp-content\/uploads\/2025\/09\/1758610572_395_rbb-sbahn-108.jpg\" alt=\"Die T\u00fcr und das Logo eines Berliner S-Bahn-Zuges in Nahaufnahme. Bild: Paul Zinken\/dpa\" title=\"Audio: rbb24 Inforadio | 29.08.2025 | Thorsten Gabriel | Paul Zinken\/dpa\"\/><\/p>\n<p>Konsortium der Deutschen Bahn macht das Rennen gegen Alstom<\/p>\n<p>            Im milliardenschweren Vergabeverfahren von Teilen des Berliner S-Bahn-Netzes hat sich ein Konsortium der Deutschen Bahn durchgesetzt. Der unterlegene Alstom-Konzern k\u00f6nnte juristisch gegen die Entscheidung vorgehen.<a href=\"https:\/\/www.rbb24.de\/wirtschaft\/beitrag\/2025\/08\/berlin-ausschreibung-s-bahn-netz-db-siemens-stadler-rail.html\" title=\"mehr\" class=\"textlink--extern\" target=\"_blank\" rel=\"noopener nofollow\">mehr<\/a><\/p>\n<p class=\"textabsatz m-ten m-offset-one l-eight l-offset-two columns twelve\">Die Linie S8 f\u00e4hrt zwischen Wildau\/Gr\u00fcnau und M\u00fchlenbeck-M\u00f6nchm\u00fchle. Zwischen M\u00fchlenbeck-M\u00f6nchm\u00fchle und Hohen Neuendorf besteht Ersatzverkehr mit Bussen.<br \/>\u00a0<br \/>Die Linie S85 f\u00e4hrt nur zwischen Gr\u00fcnau und Waidmannslust. Zwischen Waidmannslust und Frohnau m\u00fcssen die Fahrg\u00e4ste auf die S1 umsteigen.<\/p>\n<p>    Verst\u00e4rkt Probleme in Hohen Neuendorf<\/p>\n<p class=\"textabsatz m-ten m-offset-one l-eight l-offset-two columns twelve\">Seit Wochen k\u00e4mpft die Deutsche Bahn verst\u00e4rkt mit Versp\u00e4tungen und Ausf\u00e4llen im Streckennetz der Berliner S-Bahn in Zusammenhang mit Problemen an Weichen. Seit vergangener Woche gibt es zudem verst\u00e4rkt St\u00f6rungen mit Weichen in der N\u00e4he des Bahnhofs Hohen Neuendorf kurz hinter der Stadtgrenze (Landkreis Oberhavel). Erst am Montag fielen deswegen Fahrten auf den Linien S1, S8 und S85 aus. Laut <a href=\"https:\/\/www.bz-berlin.de\/brandenburg\/s-bahn-stellwerk-stoerungen\" title=\"&quot;B.Z.&quot;\" class=\"textlink--extern js-link-dialog\" rel=\"noopener noreferrer nofollow\" target=\"_blank\" data-type=\"external\">&#8222;B.Z.&#8220;<\/a> gebe es dort Probleme mit neuverlegten Kabeln.<\/p>\n<p class=\"textabsatz m-ten m-offset-one l-eight l-offset-two columns twelve\">Sendung:<\/p>\n<p>                                        <a class=\"backlink__link\" href=\"https:\/\/www.rbb24.de\/panorama\/beitrag\/2025\/09\/berlin-s-bahn-weichenstoerung-s1-s8-s85-ersatzverkehr-sev.html\" rel=\"nofollow noopener\" target=\"_blank\"><\/p>\n<p>                                                <img decoding=\"async\" src=\"https:\/\/images.tagesschau.de\/image\/898f19c3-6760-4be2-a33f-1fa765216ec2\/AAABlap_olM\/AAABmKJi16M\/original\/lra-rbb-logo-100.svg\" alt=\"Rundfunk Berlin-Brandenburg\"\/><\/p>\n<p>                                        <\/a><\/p>\n","protected":false},"excerpt":{"rendered":"Stand: 23.09.2025 08:33 Uhr Zwei defekte Stellwerke f\u00fchren im Berliner S-Bahnverkehr zu Einschr\u00e4nkungen. Die S7 f\u00e4hrt zwischen Westkreuz&hellip;\n","protected":false},"author":2,"featured_media":444195,"comment_status":"","ping_status":"","sticky":false,"template":"","format":"standard","meta":{"footnotes":""},"categories":[1825],"tags":[296,1890,29,30,2239],"class_list":{"0":"post-444194","1":"post","2":"type-post","3":"status-publish","4":"format-standard","5":"has-post-thumbnail","7":"category-berlin","8":"tag-berlin","9":"tag-brandenburg","10":"tag-deutschland","11":"tag-germany","12":"tag-rbb"},"share_on_mastodon":{"url":"https:\/\/pubeurope.com\/@de\/115252310065398179","error":""},"_links":{"self":[{"href":"https:\/\/www.europesays.com\/de\/wp-json\/wp\/v2\/posts\/444194","targetHints":{"allow":["GET"]}}],"collection":[{"href":"https:\/\/www.europesays.com\/de\/wp-json\/wp\/v2\/posts"}],"about":[{"href":"https:\/\/www.europesays.com\/de\/wp-json\/wp\/v2\/types\/post"}],"author":[{"embeddable":true,"href":"https:\/\/www.europesays.com\/de\/wp-json\/wp\/v2\/users\/2"}],"replies":[{"embeddable":true,"href":"https:\/\/www.europesays.com\/de\/wp-json\/wp\/v2\/comments?post=444194"}],"version-history":[{"count":0,"href":"https:\/\/www.europesays.com\/de\/wp-json\/wp\/v2\/posts\/444194\/revisions"}],"wp:featuredmedia":[{"embeddable":true,"href":"https:\/\/www.europesays.com\/de\/wp-json\/wp\/v2\/media\/444195"}],"wp:attachment":[{"href":"https:\/\/www.europesays.com\/de\/wp-json\/wp\/v2\/media?parent=444194"}],"wp:term":[{"taxonomy":"category","embeddable":true,"href":"https:\/\/www.europesays.com\/de\/wp-json\/wp\/v2\/categories?post=444194"},{"taxonomy":"post_tag","embeddable":true,"href":"https:\/\/www.europesays.com\/de\/wp-json\/wp\/v2\/tags?post=444194"}],"curies":[{"name":"wp","href":"https:\/\/api.w.org\/{rel}","templated":true}]}}