{"id":444227,"date":"2025-09-23T07:14:21","date_gmt":"2025-09-23T07:14:21","guid":{"rendered":"https:\/\/www.europesays.com\/de\/444227\/"},"modified":"2025-09-23T07:14:21","modified_gmt":"2025-09-23T07:14:21","slug":"bilanz-zum-ocean-race-europe-kiel-war-cool","status":"publish","type":"post","link":"https:\/\/www.europesays.com\/de\/444227\/","title":{"rendered":"Bilanz zum Ocean Race Europe: Kiel war cool"},"content":{"rendered":"<p>        <img decoding=\"async\" src=\"https:\/\/www.europesays.com\/de\/wp-content\/uploads\/2025\/09\/469d123f40ec4f92b9ecca3ee419f55d.gif\" width=\"1\" height=\"1\" alt=\"\" class=\"pvgw-marker-image\" loading=\"eager\" data-no-lazy=\"1\" referrerpolicy=\"no-referrer-when-downgrade\" style=\"display:none;\"\/> <\/p>\n<p class=\"has-link\">Sechs Wochen Ocean Race Europe sind am Wochenende mit einer gro\u00dfen Party in Boka Bay\/Montenegro und dem \u00fcberlegenen Sieg von Paul Meilhat und seinem Team auf der Biotherm zu Ende gegangen. Nach dem Start am 10. August in Kiel war die zweite Auflage des Events mit Blick auf die sportliche Spannung indes etwas zu fr\u00fch entschieden.<\/p>\n<p class=\"has-link\"><a class=\"is-link\" href=\"https:\/\/www.theoceanrace.com\/en\/europe\/2025\/scoreboard\" target=\"_blank\" rel=\"noopener\">Zu dominant war der Auftritt von Paul Meilhat<\/a>, der sechs der sieben vollen Wertungen und vier von f\u00fcnf Sprintwertungen gewann. Aber f\u00fcr Spektakel war gesorgt: mit dem Crash von Kiel, dem Reparaturwettlauf von Holcim PRB und Allagrande Mapei, dem emotionalen Sieg von Ambrogio Beccaria in seiner italienischen Heimat und den engen Fights um den zweiten und den vierten Platz bis zum Coastal Race in Boka Bay.<\/p>\n<p class=\"has-link\">Das Abschneiden von Boris Herrmann mit seinem Malizia-Team blieb allerdings hinter den Erwartungen der Fans und des Hamburger Skippers selbst zur\u00fcck. Nachdem die Premiere dieses Rennens 2021 das Offshore Team Germany noch v\u00f6llig \u00fcberraschend gewonnen hatte, konnte ein deutsches Team diesmal nicht gl\u00e4nzen.<\/p>\n<p> <img decoding=\"async\" class=\"_brlbs-thumbnail\" src=\"https:\/\/www.europesays.com\/de\/wp-content\/uploads\/2025\/08\/cb-no-thumbnail.png\" alt=\"YouTube\"\/> <\/p>\n<p class=\"has-link\">Mit dem Laden des Videos akzeptieren Sie die Datenschutzerkl\u00e4rung von YouTube.<br \/><a class=\"is-link\" href=\"https:\/\/policies.google.com\/privacy\" target=\"_blank\" rel=\"nofollow noopener noreferrer\">Mehr erfahren<\/a><\/p>\n<p class=\"has-link\"><a class=\"is-link\" href=\"#\" data-borlabs-cookie-unblock=\"\" role=\"button\">Video laden<\/a><\/p>\n<p class=\"has-link\"> YouTube immer entsperren<\/p>\n<p class=\"has-link\"><a class=\"is-link\" href=\"https:\/\/floatmagazin.de\/leute\/team-malizia-wir-gewinnen-das-rennen-ocean-race-europe\/\" target=\"_blank\" rel=\"noopener\">Die Rolle als einer der Mitfavoriten<\/a> hatte Herrmann vor dem Start in Kiel angenommen, sah sogar Chancen auf einen Gesamtsieg. Doch dieser Traum war schnell geplatzt. Rang zwei in der ersten Etappe n\u00e4hrte zun\u00e4chst Hoffnungen. Doch erst in der letzten Langetappe konnte sich die Malizia als Dritter ein zweites Mal auf dem Podium platzieren. Die Chance auf ein Topergebnis im Gesamtranking war da schon verflogen. Mit Platz vier im Coastal Race kam Malizia auch insgesamt auf Platz vier.<\/p>\n<p>Biotherms Dominanz \u00fcberraschte<\/p>\n<p class=\"has-link\">Welche Erkenntnisse ergeben sich aus dem Rennen rund um Europa f\u00fcr die Zukunft des Ocean Race, die Imoca-Klasse und die Entwicklung der Designs? float-Experte Andreas Baden, der nicht nur als Co-Kommentator das Geschehen zum Start in Kiel f\u00fcr das Publikum vor Ort erkl\u00e4rte, sondern auch die Etappen genau verfolgte, hat sich im Interview dazu Gedanken gemacht.<\/p>\n<p class=\"has-link\">Wir erwischten ihn kurz vor seiner Abfahrt nach Lorient, wo er sich mit Fabrice Amedeo auf die Teilnahme am Transatlantikrennen <a class=\"is-link\" href=\"https:\/\/www.transatcafelor.org\/en\/article\/transat-cafe-lor-37-days-go\" target=\"_blank\" rel=\"noopener\">Transat Cafe l\u2019Or<\/a> (Start am 26. Oktober) vorbereitet.<\/p>\n<p><img decoding=\"async\" class=\"lazy size-full wp-image-181198\" src=\"https:\/\/www.europesays.com\/de\/wp-content\/uploads\/2025\/09\/Elektronik-Imoca_Handarbeit.jpg\" alt=\"Elektronik Imoca\" width=\"1200\" height=\"800\" loading=\"lazy\"  \/><\/p>\n<p>Andreas Baden steckt tief in der Imoca-Szene und bilanziert f\u00fcr float das Ocean Race Europe \u00a9 Baden<\/p>\n<p class=\"has-link\"><strong>Andreas, in deiner Einsch\u00e4tzung vor dem Rennen hast Du die Teams Biotherm, Paprec Ark\u00e9a und Holcim PRB als gro\u00dfe Favoriten auf eine Podiumsplatzierung genannt. Ist das Rennen also so verlaufen, wie Du es erwartet hast? Oder \u00fcberrascht dich doch die Dominanz von Biotherm?<\/strong><\/p>\n<p class=\"has-link\">Die drei waren tats\u00e4chlich meine Favoriten. Allerdings habe ich auch Malizia mit einbezogen. Als Deutscher sieht man sein Heimteam nat\u00fcrlich auch gern mit vorn. Daher hatte ich meine Top 4 benannt, und da war Malizia mit drin. Das Podium kommt also nicht unerwartet. Allerdings hatte ich Paprec noch st\u00e4rker eingesch\u00e4tzt als nun Platz zwei.<\/p>\n<p>Verdier-Design waren bevorteilt<\/p>\n<p class=\"has-link\">Das Ocean Race Europe hat Boote aus drei Design-Schmieden an den Start gebracht. Da ist Verdier mit Biotherm, Holcim und Team Kanada. Demgegen\u00fcber stehen die Boote mit dem Design von Antoine Koch et Finot-Conq, also Paprec Ark\u00e9a und Allagrande Mapei. Und dann noch VPLP mit Malizia und Amaala.<\/p>\n<p class=\"has-link\">Das Rennen wurde von flachem Wasser und leichten Winden dominiert. Unter den Bedingungen ist das Verdier-Design im Vorteil. Im Gegensatz dazu ist die Malizia mit dem Fokus auf den Southern Ocean gebaut. Daher die markante Bugsektion, die gut ist, um \u00fcber Wellen zu gehen.<\/p>\n<p><img decoding=\"async\" class=\"lazy size-full wp-image-195287\" src=\"https:\/\/www.europesays.com\/de\/wp-content\/uploads\/2025\/08\/2025-08-31-malizia-jean-louis-carli.jpg\" alt=\"\" width=\"1200\" height=\"800\" loading=\"lazy\"  \/><\/p>\n<p>Die volumin\u00f6se Bugsektion der Malizia war zum Ocean Race Europe nicht von Vorteil \u00a9 Jean Louis Carli<\/p>\n<p class=\"has-link\">Die Designs von Koch et Finot Conq sind gut f\u00fcr Downwind-Bedingungen mit viel Welle.<\/p>\n<p class=\"has-link\">Auf der Etappe nach Genua, als es diese Bedingungen mal gab, haben Allagrande Mapei und Paprec Ark\u00e9a auch performt, w\u00e4hrend die Verdier-Designs sich da schwer getan haben, da sie mehr in die Welle eintauchen.<\/p>\n<p>                <a class=\"prev\" href=\"https:\/\/floatmagazin.de\/leute\/amazing-shocking-cool-sailgp-sieg-fuer-germany\/\" target=\"_blank\" rel=\"noopener\"><\/p>\n<p>\n                            Vorheriger Artikel:<br \/>\n                            \u201eAmazing, shocking, cool!\u201c SailGP-Sieg f\u00fcr Germany\n                        <\/p>\n<p>            <\/a><\/p>\n","protected":false},"excerpt":{"rendered":"Sechs Wochen Ocean Race Europe sind am Wochenende mit einer gro\u00dfen Party in Boka Bay\/Montenegro und dem \u00fcberlegenen&hellip;\n","protected":false},"author":2,"featured_media":444228,"comment_status":"","ping_status":"","sticky":false,"template":"","format":"standard","meta":{"footnotes":""},"categories":[1852],"tags":[90498,31231,3364,29,548,663,3934,30,13,4949,87889,14,15,91456,39900,12,1971,45593,39904],"class_list":{"0":"post-444227","1":"post","2":"type-post","3":"status-publish","4":"format-standard","5":"has-post-thumbnail","7":"category-kiel","8":"tag-biotherm","9":"tag-boris-herrmann","10":"tag-de","11":"tag-deutschland","12":"tag-eu","13":"tag-europa","14":"tag-europe","15":"tag-germany","16":"tag-headlines","17":"tag-kiel","18":"tag-malizia","19":"tag-nachrichten","20":"tag-news","21":"tag-paprec-arkea","22":"tag-paul-meilhat","23":"tag-schlagzeilen","24":"tag-schleswig-holstein","25":"tag-the-ocean-race-europe","26":"tag-yoann-richomme"},"share_on_mastodon":{"url":"https:\/\/pubeurope.com\/@de\/115252380806617610","error":""},"_links":{"self":[{"href":"https:\/\/www.europesays.com\/de\/wp-json\/wp\/v2\/posts\/444227","targetHints":{"allow":["GET"]}}],"collection":[{"href":"https:\/\/www.europesays.com\/de\/wp-json\/wp\/v2\/posts"}],"about":[{"href":"https:\/\/www.europesays.com\/de\/wp-json\/wp\/v2\/types\/post"}],"author":[{"embeddable":true,"href":"https:\/\/www.europesays.com\/de\/wp-json\/wp\/v2\/users\/2"}],"replies":[{"embeddable":true,"href":"https:\/\/www.europesays.com\/de\/wp-json\/wp\/v2\/comments?post=444227"}],"version-history":[{"count":0,"href":"https:\/\/www.europesays.com\/de\/wp-json\/wp\/v2\/posts\/444227\/revisions"}],"wp:featuredmedia":[{"embeddable":true,"href":"https:\/\/www.europesays.com\/de\/wp-json\/wp\/v2\/media\/444228"}],"wp:attachment":[{"href":"https:\/\/www.europesays.com\/de\/wp-json\/wp\/v2\/media?parent=444227"}],"wp:term":[{"taxonomy":"category","embeddable":true,"href":"https:\/\/www.europesays.com\/de\/wp-json\/wp\/v2\/categories?post=444227"},{"taxonomy":"post_tag","embeddable":true,"href":"https:\/\/www.europesays.com\/de\/wp-json\/wp\/v2\/tags?post=444227"}],"curies":[{"name":"wp","href":"https:\/\/api.w.org\/{rel}","templated":true}]}}