{"id":444389,"date":"2025-09-23T08:52:10","date_gmt":"2025-09-23T08:52:10","guid":{"rendered":"https:\/\/www.europesays.com\/de\/444389\/"},"modified":"2025-09-23T08:52:10","modified_gmt":"2025-09-23T08:52:10","slug":"bielefeld-drogenfahrt-endet-mit-widerstand-gegen-polizei-regional","status":"publish","type":"post","link":"https:\/\/www.europesays.com\/de\/444389\/","title":{"rendered":"Bielefeld: Drogenfahrt endet mit Widerstand gegen Polizei | Regional"},"content":{"rendered":"<p>Bielefeld \u2013 <b>Ein 39-j\u00e4hriger Autofahrer aus Herford leistete der Polizei Widerstand, nachdem er unter Drogeneinfluss gestoppt wurde.<\/b><\/p>\n<p>Am 23.09.2025 gegen 00.10 Uhr fiel einem Polizisten auf der Engersche Stra\u00dfe, H\u00f6he der Stra\u00dfe Am Pfarracker, ein Mercedes Vito auf, der ohne vorderes Kennzeichen, mit besch\u00e4digtem Seitenspiegel und defekter Beleuchtung unterwegs war. Der Fahrer zeigte drogentypische Ausfallerscheinungen, und ein Test best\u00e4tigte den Verdacht.<\/p>\n<p>Auch interessant<\/p>\n<p>Anzeige<\/p>\n<p>Auch interessant<\/p>\n<p>Anzeige<\/p>\n<p>Als der Mann zur Blutprobe ins Krankenhaus gebracht werden sollte, wurde er aggressiv und schrie die Beamten an. Er musste zur Eigensicherung durchsucht werden, nachdem er beruhigt werden konnte. Die Polizisten drohten an, die aufgefundenen Gegenst\u00e4nde zu verwahren, was zu erneuter Aggression f\u00fchrte. Trotz Beruhigungsversuchen eskalierte die Situation erneut, als er versuchte, auf die sichergestellten Gegenst\u00e4nde zuzugreifen. Der Versuch, ihn zu fesseln, f\u00fchrte zu einem weiteren Widerstand, bei dem der ECall des Streifenwagens ausgel\u00f6st wurde.<\/p>\n<p>Der Fahrer kratzte die Beamten, zerriss Armb\u00e4nder und versuchte, die Beamten einzuklemmen. Er verletzte sich selbst und behauptete sp\u00e4ter, von einem Polizisten verletzt worden zu sein. Nach der endg\u00fcltigen Fixierung erfolgte die Blutentnahme im Krankenhaus, wo ihm zwei Blutproben entnommen wurden. Zwei Polizisten erlitten leichte Verletzungen. Strafverfahren wurden eingeleitet.<\/p>\n<p>Dieser Text basiert auf einer offiziellen Beh\u00f6rden-Information und wurde mit Hilfe von KI erstellt.<\/p>\n","protected":false},"excerpt":{"rendered":"Bielefeld \u2013 Ein 39-j\u00e4hriger Autofahrer aus Herford leistete der Polizei Widerstand, nachdem er unter Drogeneinfluss gestoppt wurde. Am&hellip;\n","protected":false},"author":2,"featured_media":391060,"comment_status":"","ping_status":"","sticky":false,"template":"","format":"standard","meta":{"footnotes":""},"categories":[1841],"tags":[1605,3364,29,1994,30,1000,2509,1209,45,1995],"class_list":{"0":"post-444389","1":"post","2":"type-post","3":"status-publish","4":"format-standard","5":"has-post-thumbnail","7":"category-bielefeld","8":"tag-bielefeld","9":"tag-de","10":"tag-deutschland","11":"tag-drogenhandel","12":"tag-germany","13":"tag-gewalt","14":"tag-ki-ots","15":"tag-nordrhein-westfalen","16":"tag-texttospeech","17":"tag-verbrechen"},"share_on_mastodon":{"url":"https:\/\/pubeurope.com\/@de\/115252766507941580","error":""},"_links":{"self":[{"href":"https:\/\/www.europesays.com\/de\/wp-json\/wp\/v2\/posts\/444389","targetHints":{"allow":["GET"]}}],"collection":[{"href":"https:\/\/www.europesays.com\/de\/wp-json\/wp\/v2\/posts"}],"about":[{"href":"https:\/\/www.europesays.com\/de\/wp-json\/wp\/v2\/types\/post"}],"author":[{"embeddable":true,"href":"https:\/\/www.europesays.com\/de\/wp-json\/wp\/v2\/users\/2"}],"replies":[{"embeddable":true,"href":"https:\/\/www.europesays.com\/de\/wp-json\/wp\/v2\/comments?post=444389"}],"version-history":[{"count":0,"href":"https:\/\/www.europesays.com\/de\/wp-json\/wp\/v2\/posts\/444389\/revisions"}],"wp:featuredmedia":[{"embeddable":true,"href":"https:\/\/www.europesays.com\/de\/wp-json\/wp\/v2\/media\/391060"}],"wp:attachment":[{"href":"https:\/\/www.europesays.com\/de\/wp-json\/wp\/v2\/media?parent=444389"}],"wp:term":[{"taxonomy":"category","embeddable":true,"href":"https:\/\/www.europesays.com\/de\/wp-json\/wp\/v2\/categories?post=444389"},{"taxonomy":"post_tag","embeddable":true,"href":"https:\/\/www.europesays.com\/de\/wp-json\/wp\/v2\/tags?post=444389"}],"curies":[{"name":"wp","href":"https:\/\/api.w.org\/{rel}","templated":true}]}}