{"id":444421,"date":"2025-09-23T09:11:22","date_gmt":"2025-09-23T09:11:22","guid":{"rendered":"https:\/\/www.europesays.com\/de\/444421\/"},"modified":"2025-09-23T09:11:22","modified_gmt":"2025-09-23T09:11:22","slug":"e-scooterfahrer-faehrt-kind-an-und-fluechtet","status":"publish","type":"post","link":"https:\/\/www.europesays.com\/de\/444421\/","title":{"rendered":"E-Scooterfahrer f\u00e4hrt Kind an und fl\u00fcchtet"},"content":{"rendered":"<p class=\"text_ohne_einzug richtext text-em-55 !leading-serif mx-6 desktop:mx-0\">  Eine 39-j\u00e4hrige Frau ist am Montag gegen 17.40 Uhr in Begleitung ihres Sohnes (10) auf der Polizeiwache Marxloh erschienen, um Anzeige wegen einer Verkehrsunfallflucht zu erstatten.<\/p>\n<p class=\"richtext text-em-55 !leading-serif mx-6 desktop:mx-0\">Sie schilderte den Beamten, dass sie wenige Minuten zuvor, gegen 17.30 Uhr mit ihrem Kind, das sie auf einem Kinderfahrrad begleitete, auf der Weseler Stra\u00dfe unterwegs war. Als beide in H\u00f6he des August-Bebel-Platzes die Weseler Stra\u00dfe an einer Fu\u00dfg\u00e4ngerampel \u00fcberqueren wollten, n\u00e4herte sich aus Richtung Alt-Hamborn ein Jugendlicher auf einem <a href=\"https:\/\/rp-online.de\/thema\/e-scooter\/\" target=\"_blank\" rel=\"noopener\">E-Scooter<\/a> und stie\u00df mit dem Fahrrad des Zehnj\u00e4hrigen zusammen. Doch damit nicht genug: Der Unbekannte fuhr dem auf der Stra\u00dfe liegenden Kind noch \u00fcber die Hand und fl\u00fcchtete.<\/p>\n<p class=\"richtext text-em-55 !leading-serif mx-6 desktop:mx-0\">Der Unfallverursacher wird auf 13 bis 15 Jahre gesch\u00e4tzt. Er trug einen blauen Hoodie, eine blaue Hose und schwarze Schuhe mit wei\u00dfen Streifen. Weil der Zehnj\u00e4hrige \u00fcber Schmerzen in seiner Hand klagte, brachte ein Rettungswagen ihn zur ambulanten Behandlung in ein Krankenhaus. Das Verkehrskommissariat 21 hat die Ermittlungen aufgenommen und sucht Zeuginnen oder Zeugen, die Angaben zu dem Rollerfahrer machen k\u00f6nnen.<\/p>\n<p class=\"italic richtext text-em-55 !leading-serif mx-6 desktop:mx-0\">Hinweise nehmen die Ermittler unter der Rufnummer 0203 2800 entgegen.<\/p>\n","protected":false},"excerpt":{"rendered":"Eine 39-j\u00e4hrige Frau ist am Montag gegen 17.40 Uhr in Begleitung ihres Sohnes (10) auf der Polizeiwache Marxloh&hellip;\n","protected":false},"author":2,"featured_media":444422,"comment_status":"","ping_status":"","sticky":false,"template":"","format":"standard","meta":{"footnotes":""},"categories":[1838],"tags":[3364,29,3715,30,1209,4728,524,40586],"class_list":{"0":"post-444421","1":"post","2":"type-post","3":"status-publish","4":"format-standard","5":"has-post-thumbnail","7":"category-duisburg","8":"tag-de","9":"tag-deutschland","10":"tag-duisburg","11":"tag-germany","12":"tag-nordrhein-westfalen","13":"tag-scooter","14":"tag-strasse","15":"tag-weseler"},"share_on_mastodon":{"url":"https:\/\/pubeurope.com\/@de\/115252840723652784","error":""},"_links":{"self":[{"href":"https:\/\/www.europesays.com\/de\/wp-json\/wp\/v2\/posts\/444421","targetHints":{"allow":["GET"]}}],"collection":[{"href":"https:\/\/www.europesays.com\/de\/wp-json\/wp\/v2\/posts"}],"about":[{"href":"https:\/\/www.europesays.com\/de\/wp-json\/wp\/v2\/types\/post"}],"author":[{"embeddable":true,"href":"https:\/\/www.europesays.com\/de\/wp-json\/wp\/v2\/users\/2"}],"replies":[{"embeddable":true,"href":"https:\/\/www.europesays.com\/de\/wp-json\/wp\/v2\/comments?post=444421"}],"version-history":[{"count":0,"href":"https:\/\/www.europesays.com\/de\/wp-json\/wp\/v2\/posts\/444421\/revisions"}],"wp:featuredmedia":[{"embeddable":true,"href":"https:\/\/www.europesays.com\/de\/wp-json\/wp\/v2\/media\/444422"}],"wp:attachment":[{"href":"https:\/\/www.europesays.com\/de\/wp-json\/wp\/v2\/media?parent=444421"}],"wp:term":[{"taxonomy":"category","embeddable":true,"href":"https:\/\/www.europesays.com\/de\/wp-json\/wp\/v2\/categories?post=444421"},{"taxonomy":"post_tag","embeddable":true,"href":"https:\/\/www.europesays.com\/de\/wp-json\/wp\/v2\/tags?post=444421"}],"curies":[{"name":"wp","href":"https:\/\/api.w.org\/{rel}","templated":true}]}}