{"id":444687,"date":"2025-09-23T11:43:11","date_gmt":"2025-09-23T11:43:11","guid":{"rendered":"https:\/\/www.europesays.com\/de\/444687\/"},"modified":"2025-09-23T11:43:11","modified_gmt":"2025-09-23T11:43:11","slug":"pkw-kollidiert-mit-fahrradanhaenger-radio-bielefeld","status":"publish","type":"post","link":"https:\/\/www.europesays.com\/de\/444687\/","title":{"rendered":"Pkw kollidiert mit Fahrradanh\u00e4nger &#8211; Radio Bielefeld"},"content":{"rendered":"<p>SI \/ Bielefeld \/ Sennstadt &#8211; Am Dienstagmorgen, 23.09.2025, \u00fcbersah der Fahrer eines Mini-Cooper beim Abbiegen einen Fahrradanh\u00e4nger. Die Kinder fielen bei dem Zusammensto\u00df aus dem Anh\u00e4nger, blieben aber unverletzt.<\/p>\n<p>Eine 31-j\u00e4hrige Bielefelderin ging gegen 08:45 Uhr die Sprungbachstra\u00dfe zu Fu\u00df entlang und schob dabei einen Fahrradanh\u00e4nger mit zwei Kleinkindern vor sich her.<\/p>\n<p>Als sie die Einm\u00fcndung Wintersheide \u00fcberqueren wollte, beabsichtigte zeitgleich der Fahrer eines Mini Cooper nach rechts in die Stra\u00dfe Wintersheide abzubiegen. Aufgrund der tiefstehenden Sonne \u00fcbersah der 20-j\u00e4hrige Bielefelder die Frau und stie\u00df mit dem Fahrradanh\u00e4nger zusammen.<\/p>\n<p>Dabei fielen die ein- und dreij\u00e4hrigen Kinder aus dem Wagen auf die Gr\u00fcnfl\u00e4che einer Verkehrsinsel. Sie blieben unverletzt. Die Mutter st\u00fcrzte ebenfalls und zog sich leichte Verletzungen zu.<\/p>\n<p>Um die drei Personen k\u00fcmmerte sich eine Rettungswagenbesatzung vor Ort.<\/p>\n<p>Am Mini Cooper entstand ein leichter Sachschaden.<\/p>\n<p>R\u00fcckfragen von Journalisten bitte an:<\/p>\n<p>Polizeipr\u00e4sidium Bielefeld Leitungsstab\/ Presse- und \u00d6ffentlichkeitsarbeit Kurt-Schumacher-Stra\u00dfe 46 33615 Bielefeld<\/p>\n<p>Sonja Rehmert (SR), Tel. 0521\/545-3020 Katja K\u00fcster (KK), Tel. 0521\/545-3195 Sarah Siedschlag (SI), Tel. 0521\/545-3021 Michael K\u00f6tter (MK), Tel. 0521\/545-3022 Hella Christoph (HC), Tel. 0521\/545-3023 Fabian Rickel (FR), Tel. 0521\/545-3024 Caroline Steffen (CS), Tel. 0521\/545-3026 Lukas Reker (LR), Tel. 0521\/545-3222 Jan Grote (JG), Tel. 0521\/545-3235<\/p>\n<p>E-Mail: pressestelle.bielefeld@polizei.nrw.de <a href=\"https:\/\/bielefeld.polizei.nrw\/\" target=\"_blank\" rel=\"noreferrer noopener\">bielefeld.polizei.nrw<\/a><\/p>\n<p>Au\u00dferhalb der B\u00fcrodienstzeit: Leitstelle, Tel. 0521\/545-0<\/p>\n<p> Original-Content von: Polizei Bielefeld, \u00fcbermittelt durch news aktuell<\/p>\n","protected":false},"excerpt":{"rendered":"SI \/ Bielefeld \/ Sennstadt &#8211; Am Dienstagmorgen, 23.09.2025, \u00fcbersah der Fahrer eines Mini-Cooper beim Abbiegen einen Fahrradanh\u00e4nger.&hellip;\n","protected":false},"author":2,"featured_media":362892,"comment_status":"","ping_status":"","sticky":false,"template":"","format":"standard","meta":{"footnotes":""},"categories":[1841],"tags":[1605,3364,29,30,1209,12925],"class_list":{"0":"post-444687","1":"post","2":"type-post","3":"status-publish","4":"format-standard","5":"has-post-thumbnail","7":"category-bielefeld","8":"tag-bielefeld","9":"tag-de","10":"tag-deutschland","11":"tag-germany","12":"tag-nordrhein-westfalen","13":"tag-polizeimeldungen"},"share_on_mastodon":{"url":"https:\/\/pubeurope.com\/@de\/115253438298308584","error":""},"_links":{"self":[{"href":"https:\/\/www.europesays.com\/de\/wp-json\/wp\/v2\/posts\/444687","targetHints":{"allow":["GET"]}}],"collection":[{"href":"https:\/\/www.europesays.com\/de\/wp-json\/wp\/v2\/posts"}],"about":[{"href":"https:\/\/www.europesays.com\/de\/wp-json\/wp\/v2\/types\/post"}],"author":[{"embeddable":true,"href":"https:\/\/www.europesays.com\/de\/wp-json\/wp\/v2\/users\/2"}],"replies":[{"embeddable":true,"href":"https:\/\/www.europesays.com\/de\/wp-json\/wp\/v2\/comments?post=444687"}],"version-history":[{"count":0,"href":"https:\/\/www.europesays.com\/de\/wp-json\/wp\/v2\/posts\/444687\/revisions"}],"wp:featuredmedia":[{"embeddable":true,"href":"https:\/\/www.europesays.com\/de\/wp-json\/wp\/v2\/media\/362892"}],"wp:attachment":[{"href":"https:\/\/www.europesays.com\/de\/wp-json\/wp\/v2\/media?parent=444687"}],"wp:term":[{"taxonomy":"category","embeddable":true,"href":"https:\/\/www.europesays.com\/de\/wp-json\/wp\/v2\/categories?post=444687"},{"taxonomy":"post_tag","embeddable":true,"href":"https:\/\/www.europesays.com\/de\/wp-json\/wp\/v2\/tags?post=444687"}],"curies":[{"name":"wp","href":"https:\/\/api.w.org\/{rel}","templated":true}]}}