{"id":444984,"date":"2025-09-23T14:28:14","date_gmt":"2025-09-23T14:28:14","guid":{"rendered":"https:\/\/www.europesays.com\/de\/444984\/"},"modified":"2025-09-23T14:28:14","modified_gmt":"2025-09-23T14:28:14","slug":"sc-preussen-muenster-ii-im-match-gegen-rot-weiss-ahlen-i-deutlich-dominierend","status":"publish","type":"post","link":"https:\/\/www.europesays.com\/de\/444984\/","title":{"rendered":"SC Preu\u00dfen M\u00fcnster II im Match gegen Rot Weiss Ahlen I deutlich dominierend"},"content":{"rendered":"<p>                                Spielinfos:<br \/>\nDatum &amp; Uhrzeit: 19.09.2025 19.30 Uhr<br \/>Austragungsort: Ahlen<br \/>Wettbewerb: Oberliga Westfalen<br \/>Spieltag: 7<\/p>\n<p>Spielbericht: Rot Weiss Ahlen I gegen SC Preu\u00dfen M\u00fcnster II 0:4 (0:3)<\/p>\n<p id=\"absatz2\" class=\"em_text\">Ahlen. Mit 4:0 setzen sich die M\u00fcnsteraner am Freitag deutlich gegen die Heimmanschaft des Rot Weiss Ahlen I durch. Der Schiedsrichter Nadine Westerhoff ist schwer besch\u00e4ftigt. Insgesamt sechs Karten kommen in dieser chaotischen Partie zum Einsatz.<\/p>\n<p id=\"absatz4\" class=\"em_text\">Sofort nach Spielbeginn \u00e4ndert sich schon der Spielstand: Marvin Schulz erzielt den ersten Treffer und verschafft den G\u00e4sten fr\u00fchzeitig die F\u00fchrung. Das zweite Tor folgt noch vor dem Pausentee in Minute 42: Ein weiteres Mal setzt Marvin Schulz das Leder ins Netz. Der Torhagel will nicht enden. Ein schmerzhaftes Erlebnis f\u00fcr die Ahlener. Minute 2: M\u00fcnster trifft ein weiteres Mal. Diesmal locht Tidiane Ba Gueye ein.<\/p>\n<p id=\"absatz5\" class=\"em_text\">In der zweiten Halbzeit versuchen beide Teams durch Spielerwechsel nochmal frische Impulse zu setzen. Mike Pihl kommt rein f\u00fcr Emro Curic und Davin W\u00f6stmann f\u00fcr Murat Keskinkilic. Auf der Gastseite springen Melih Sayin f\u00fcr Till Hausotter und Ben Menke f\u00fcr Leon Tasov ein. Eine Aktion, die sich f\u00fcr die Ausw\u00e4rtsmannschaft auszahlen soll.<\/p>\n<p id=\"absatz6\" class=\"em_text\">Den M\u00fcnsteranern gelingt es ganz knapp vor Schluss, dem Gegner noch einen zu verpassen. Mikail Demirhan kann zwei Minuten vor Spielende mit Erfolg abschlie\u00dfen. Der SC Preu\u00dfen M\u00fcnster II kann als zufriedener Sieger vom Platz gehen. Platz sechs geh\u00f6rt ihnen. Die Ahlener rutschten auf Platz 13 ab.<\/p>\n<p id=\"absatz7\" class=\"em_text\">Tore fallen keine mehr. In Spielminute 91 handelt sich der SC Preu\u00dfen M\u00fcnster II noch eine Gelbe Karte ein.<\/p>\n<p>Die Aufstellungen: Rot Weiss Ahlen I &#8211; SC Preu\u00dfen M\u00fcnster II<br \/>\nRot Weiss Ahlen I: Hakan Sezer (26), Ben Binyamin (20), Fabian Holthaus (6), Alexander Hahnemann (1), Emro Curic (7), Edon Rizaj (16), Marius M\u00fcller (8), Gianluca Di Vinti (11), Kevin Freiberger (19), Murat Keskinkilic (23), Kilian Hornbruch (22)<br \/>SC Preu\u00dfen M\u00fcnster II: Niklas Varelmann (20), Leon Tasov (32), Adrian Alex Delmoni (4), Marvin Schulz (10), Moritz Krause (2), Jovan Jovic (27), Michel Scharlau (18), Tidiane Ba Gueye (15), Till Hausotter (21), Emanuel de Lemos (11), Ben Kronenberg (5)<br \/>Schiedsrichter: Nadine Westerhoff<\/p>\n<p id=\"absatz8\" class=\"em_text\">Assistent: Danny Piel<\/p>\n<p id=\"absatz9\" class=\"em_text\">Assistent: Patrick Krauss<\/p>\n<p id=\"absatz10\" class=\"em_text\" style=\"font-size: .8em;\">Die Inhalte dieses Berichts wurden automatisch auf der Basis von DFB-Daten zusammengestellt.<\/p>\n","protected":false},"excerpt":{"rendered":"Spielinfos: Datum &amp; Uhrzeit: 19.09.2025 19.30 UhrAustragungsort: AhlenWettbewerb: Oberliga WestfalenSpieltag: 7 Spielbericht: Rot Weiss Ahlen I gegen SC&hellip;\n","protected":false},"author":2,"featured_media":444985,"comment_status":"","ping_status":"","sticky":false,"template":"","format":"standard","meta":{"footnotes":""},"categories":[1843],"tags":[17788,3364,29,5282,30,8405,17707,734,7774,1613,8970,115247,1209,12006,17782,17706,17712,7773,7765,115248,8404],"class_list":{"0":"post-444984","1":"post","2":"type-post","3":"status-publish","4":"format-standard","5":"has-post-thumbnail","7":"category-muenster","8":"tag-ahlen","9":"tag-de","10":"tag-deutschland","11":"tag-fuball","12":"tag-germany","13":"tag-mnster","14":"tag-marvin-schulz","15":"tag-meta_artikelklasse_nachricht","16":"tag-meta_themen_sport","17":"tag-meta_userneeds_informieremich","18":"tag-muenster","19":"tag-nadine-westerhoff","20":"tag-nordrhein-westfalen","21":"tag-oberliga","22":"tag-rot-weiss-ahlen","23":"tag-sc-preuen-mnster-ii","24":"tag-serie_ligaid_210198","25":"tag-serie_ligaid_all","26":"tag-spielinfo","27":"tag-tasov","28":"tag-westfalen"},"share_on_mastodon":{"url":"https:\/\/pubeurope.com\/@de\/115254087153065080","error":""},"_links":{"self":[{"href":"https:\/\/www.europesays.com\/de\/wp-json\/wp\/v2\/posts\/444984","targetHints":{"allow":["GET"]}}],"collection":[{"href":"https:\/\/www.europesays.com\/de\/wp-json\/wp\/v2\/posts"}],"about":[{"href":"https:\/\/www.europesays.com\/de\/wp-json\/wp\/v2\/types\/post"}],"author":[{"embeddable":true,"href":"https:\/\/www.europesays.com\/de\/wp-json\/wp\/v2\/users\/2"}],"replies":[{"embeddable":true,"href":"https:\/\/www.europesays.com\/de\/wp-json\/wp\/v2\/comments?post=444984"}],"version-history":[{"count":0,"href":"https:\/\/www.europesays.com\/de\/wp-json\/wp\/v2\/posts\/444984\/revisions"}],"wp:featuredmedia":[{"embeddable":true,"href":"https:\/\/www.europesays.com\/de\/wp-json\/wp\/v2\/media\/444985"}],"wp:attachment":[{"href":"https:\/\/www.europesays.com\/de\/wp-json\/wp\/v2\/media?parent=444984"}],"wp:term":[{"taxonomy":"category","embeddable":true,"href":"https:\/\/www.europesays.com\/de\/wp-json\/wp\/v2\/categories?post=444984"},{"taxonomy":"post_tag","embeddable":true,"href":"https:\/\/www.europesays.com\/de\/wp-json\/wp\/v2\/tags?post=444984"}],"curies":[{"name":"wp","href":"https:\/\/api.w.org\/{rel}","templated":true}]}}