{"id":446340,"date":"2025-09-24T03:14:14","date_gmt":"2025-09-24T03:14:14","guid":{"rendered":"https:\/\/www.europesays.com\/de\/446340\/"},"modified":"2025-09-24T03:14:14","modified_gmt":"2025-09-24T03:14:14","slug":"warum-emmanuel-macron-in-new-york-ungeplant-zu-fuss-gehen-musste","status":"publish","type":"post","link":"https:\/\/www.europesays.com\/de\/446340\/","title":{"rendered":"Warum Emmanuel Macron in New York ungeplant zu Fu\u00df gehen musste"},"content":{"rendered":"<p class=\"richtext text-em-55 !leading-serif mx-6 desktop:mx-0\">F\u00fcr eine Fahrzeugkolonne von US-Pr\u00e4sident <a href=\"https:\/\/rp-online.de\/thema\/donald-trump\/\" rel=\"nofollow noopener\" target=\"_blank\">Donald Trump<\/a> gesperrte Stra\u00dfen in <a href=\"https:\/\/rp-online.de\/thema\/new-york\/\" rel=\"nofollow noopener\" target=\"_blank\">New York<\/a> haben Frankreichs Pr\u00e4sident <a href=\"https:\/\/rp-online.de\/thema\/emmanuel-macron\/\" rel=\"nofollow noopener\" target=\"_blank\">Emmanuel Macron<\/a> bei seinem Besuch der UN-Vollversammlung zu einem Fu\u00dfmarsch gezwungen. Wie es aus Macrons Umfeld hie\u00df, endete dessen Autofahrt am Montag an einer f\u00fcr den Tross des US-Pr\u00e4sidenten abgesperrten Stra\u00dfe. Da es kurzfristig kein Durchkommen gab, setzten Macron und seine Begleiter ihren Weg zu Fu\u00df fort. Macron habe Trump w\u00e4hrenddessen im Laufen angerufen &#8211; \u201eein zugleich sehr warmherziger und freundschaftlicher Anruf, der es erm\u00f6glicht hat, mehrere internationale Themen zu er\u00f6rtern\u201c, hie\u00df es aus Macrons Umfeld.<\/p>\n","protected":false},"excerpt":{"rendered":"F\u00fcr eine Fahrzeugkolonne von US-Pr\u00e4sident Donald Trump gesperrte Stra\u00dfen in New York haben Frankreichs Pr\u00e4sident Emmanuel Macron bei&hellip;\n","protected":false},"author":2,"featured_media":446341,"comment_status":"","ping_status":"","sticky":false,"template":"","format":"standard","meta":{"footnotes":"","_share_on_mastodon":"0"},"categories":[3974],"tags":[331,332,106,548,663,3934,3980,156,16278,30876,13,5883,7301,14,15,3686,12,115594,524,27223,100367],"class_list":["post-446340","post","type-post","status-publish","format-standard","has-post-thumbnail","category-frankreich","tag-aktuelle-nachrichten","tag-aktuelle-news","tag-donald-trump","tag-eu","tag-europa","tag-europe","tag-france","tag-frankreich","tag-fuss","tag-griff","tag-headlines","tag-laufen","tag-macron","tag-nachrichten","tag-news","tag-praesident","tag-schlagzeilen","tag-stell","tag-strasse","tag-vorgestellt","tag-warte"],"share_on_mastodon":{"url":"https:\/\/pubeurope.com\/@de\/115257099260316627","error":""},"_links":{"self":[{"href":"https:\/\/www.europesays.com\/de\/wp-json\/wp\/v2\/posts\/446340","targetHints":{"allow":["GET"]}}],"collection":[{"href":"https:\/\/www.europesays.com\/de\/wp-json\/wp\/v2\/posts"}],"about":[{"href":"https:\/\/www.europesays.com\/de\/wp-json\/wp\/v2\/types\/post"}],"author":[{"embeddable":true,"href":"https:\/\/www.europesays.com\/de\/wp-json\/wp\/v2\/users\/2"}],"replies":[{"embeddable":true,"href":"https:\/\/www.europesays.com\/de\/wp-json\/wp\/v2\/comments?post=446340"}],"version-history":[{"count":0,"href":"https:\/\/www.europesays.com\/de\/wp-json\/wp\/v2\/posts\/446340\/revisions"}],"wp:featuredmedia":[{"embeddable":true,"href":"https:\/\/www.europesays.com\/de\/wp-json\/wp\/v2\/media\/446341"}],"wp:attachment":[{"href":"https:\/\/www.europesays.com\/de\/wp-json\/wp\/v2\/media?parent=446340"}],"wp:term":[{"taxonomy":"category","embeddable":true,"href":"https:\/\/www.europesays.com\/de\/wp-json\/wp\/v2\/categories?post=446340"},{"taxonomy":"post_tag","embeddable":true,"href":"https:\/\/www.europesays.com\/de\/wp-json\/wp\/v2\/tags?post=446340"}],"curies":[{"name":"wp","href":"https:\/\/api.w.org\/{rel}","templated":true}]}}