{"id":446634,"date":"2025-09-24T06:05:13","date_gmt":"2025-09-24T06:05:13","guid":{"rendered":"https:\/\/www.europesays.com\/de\/446634\/"},"modified":"2025-09-24T06:05:13","modified_gmt":"2025-09-24T06:05:13","slug":"eu-untersucht-apples-umgang-mit-betrugs-apps-%e2%8b%85-ifun-de","status":"publish","type":"post","link":"https:\/\/www.europesays.com\/de\/446634\/","title":{"rendered":"EU untersucht Apples Umgang mit Betrugs-Apps \u22c5 ifun.de"},"content":{"rendered":"<p>Die Europ\u00e4ische Kommission fordert von Apple detaillierte Angaben dazu, wie das Unternehmen betr\u00fcgerische Inhalte in seinem App Store entdeckt und entfernt, dies berichtet die Financial Times unter Berufung <a href=\"https:\/\/commission.europa.eu\/about\/organisation\/college-commissioners\/henna-virkkunen_en?prefLang=de\" target=\"_blank\" rel=\"noopener\">auf Henna Virkkunen<\/a>, die Vizepr\u00e4sidentin der Europ\u00e4ischen Kommission f\u00fcr Technische Souver\u00e4nit\u00e4t, Sicherheit und Demokratie.<\/p>\n<p><a href=\"https:\/\/images.ifun.de\/wp-content\/uploads\/2024\/11\/app-store-mariia-shalabaieva-GhqUDwV5Y5Q-unsplash-scaled.jpg\" target=\"_blank\" rel=\"noopener\"><img fetchpriority=\"high\" decoding=\"async\" class=\"aligncenter size-medium wp-image-244152 lazy\" src=\"https:\/\/www.europesays.com\/de\/wp-content\/uploads\/2025\/09\/app-store-mariia-shalabaieva-GhqUDwV5Y5Q-unsplash-500x375.jpg\" alt=\"App Store Mariia Shalabaieva GhqUDwV5Y5Q Unsplash\" width=\"500\" height=\"375\"  data-\/><\/a><\/p>\n<p>Hintergrund sind zunehmende F\u00e4lle von gef\u00e4lschten Finanzanwendungen, die Verbraucherinnen und Verbraucher in der EU sch\u00e4digen. Grundlage f\u00fcr das Vorgehen ist der Digital Services Act, der gro\u00dfe Onlineplattformen verpflichtet, illegale Inhalte konsequent zu bek\u00e4mpfen.<\/p>\n<p>EU-Kommissarin Henna Virkkunen verwies darauf, dass Betrugsf\u00e4lle im Netz stark angestiegen seien und die Sch\u00e4den im gesamten Binnenmarkt mittlerweile bei mehreren Milliarden Euro j\u00e4hrlich liegen. Apple muss nun offenlegen, welche Kontrollmechanismen im App Store greifen und wie verd\u00e4chtige Anwendungen fr\u00fchzeitig erkannt werden. Auch andere Unternehmen wie Google, Microsoft und Booking Holdings wurden in den Kreis der betroffenen Firmen aufgenommen.<\/p>\n<p>Apple verweist auf eigene Ma\u00dfnahmen<\/p>\n<p>Apple reagierte mit dem Hinweis, dass <a href=\"https:\/\/www.apple.com\/newsroom\/2025\/05\/the-app-store-prevented-more-than-9-billion-usd-in-fraudulent-transactions\/\" target=\"_blank\" rel=\"noopener\">die eigenen Sicherheits- und Pr\u00fcfsysteme<\/a> kontinuierlich erweitert w\u00fcrden. Nach Angaben des Unternehmens arbeiten spezialisierte Teams t\u00e4glich daran, betr\u00fcgerische Aktivit\u00e4ten aufzudecken und betr\u00fcgerische Anbieter zu blockieren.<\/p>\n<p>Gleichzeitig kritisierte Apple, dass die Verpflichtung zur \u00d6ffnung des App-Vertriebs den Schutz der Nutzer schw\u00e4che. Durch alternative Vertriebswege au\u00dferhalb des App Stores k\u00f6nnten Risiken f\u00fcr Betrug und Missbrauch steigen.<\/p>\n<p>Sollte die EU nach der Auskunftsanfrage weitere M\u00e4ngel feststellen, k\u00f6nnten formelle Ermittlungen folgen. Verst\u00f6\u00dfe gegen den Digital Services Act k\u00f6nnen mit Geldbu\u00dfen von bis zu sechs Prozent des weltweiten Jahresumsatzes geahndet werden. Die Kommission betonte, dass in den kommenden Wochen weitere Entscheidungen zu laufenden Pr\u00fcfungen fallen sollen.<\/p>\n<p><img loading=\"lazy\" decoding=\"async\" src=\"https:\/\/www.europesays.com\/de\/wp-content\/uploads\/2025\/09\/3497dd40039846ec8a4a06cc0c09530a.gif\" width=\"1\" height=\"1\" no-lazy=\"\" class=\"tracking\"\/><\/p>\n","protected":false},"excerpt":{"rendered":"Die Europ\u00e4ische Kommission fordert von Apple detaillierte Angaben dazu, wie das Unternehmen betr\u00fcgerische Inhalte in seinem App Store&hellip;\n","protected":false},"author":2,"featured_media":446635,"comment_status":"","ping_status":"","sticky":false,"template":"","format":"standard","meta":{"footnotes":""},"categories":[3933],"tags":[331,332,27706,4561,33703,548,663,158,3934,3935,13,14,15,12],"class_list":{"0":"post-446634","1":"post","2":"type-post","3":"status-publish","4":"format-standard","5":"has-post-thumbnail","7":"category-eu","8":"tag-aktuelle-nachrichten","9":"tag-aktuelle-news","10":"tag-app-store","11":"tag-apps","12":"tag-dsa","13":"tag-eu","14":"tag-europa","15":"tag-europaeische-union","16":"tag-europe","17":"tag-european-union","18":"tag-headlines","19":"tag-nachrichten","20":"tag-news","21":"tag-schlagzeilen"},"share_on_mastodon":{"url":"https:\/\/pubeurope.com\/@de\/115257772724557606","error":""},"_links":{"self":[{"href":"https:\/\/www.europesays.com\/de\/wp-json\/wp\/v2\/posts\/446634","targetHints":{"allow":["GET"]}}],"collection":[{"href":"https:\/\/www.europesays.com\/de\/wp-json\/wp\/v2\/posts"}],"about":[{"href":"https:\/\/www.europesays.com\/de\/wp-json\/wp\/v2\/types\/post"}],"author":[{"embeddable":true,"href":"https:\/\/www.europesays.com\/de\/wp-json\/wp\/v2\/users\/2"}],"replies":[{"embeddable":true,"href":"https:\/\/www.europesays.com\/de\/wp-json\/wp\/v2\/comments?post=446634"}],"version-history":[{"count":0,"href":"https:\/\/www.europesays.com\/de\/wp-json\/wp\/v2\/posts\/446634\/revisions"}],"wp:featuredmedia":[{"embeddable":true,"href":"https:\/\/www.europesays.com\/de\/wp-json\/wp\/v2\/media\/446635"}],"wp:attachment":[{"href":"https:\/\/www.europesays.com\/de\/wp-json\/wp\/v2\/media?parent=446634"}],"wp:term":[{"taxonomy":"category","embeddable":true,"href":"https:\/\/www.europesays.com\/de\/wp-json\/wp\/v2\/categories?post=446634"},{"taxonomy":"post_tag","embeddable":true,"href":"https:\/\/www.europesays.com\/de\/wp-json\/wp\/v2\/tags?post=446634"}],"curies":[{"name":"wp","href":"https:\/\/api.w.org\/{rel}","templated":true}]}}