{"id":446722,"date":"2025-09-24T10:59:10","date_gmt":"2025-09-24T10:59:10","guid":{"rendered":"https:\/\/www.europesays.com\/de\/446722\/"},"modified":"2025-09-24T10:59:10","modified_gmt":"2025-09-24T10:59:10","slug":"der-boersen-tag-mittwoch-24-september-2025","status":"publish","type":"post","link":"https:\/\/www.europesays.com\/de\/446722\/","title":{"rendered":"Der B\u00f6rsen-Tag Mittwoch, 24. September 2025"},"content":{"rendered":"<p>Das <b>Gesch\u00e4ftsklima in Deutschland <\/b>hat sich im September unerwartet eingetr\u00fcbt. Der vom <b>Ifo-Institut<\/b> erhobene Gesch\u00e4ftsklimaindex fiel auf 87,7 (August revidiert: 88,9) Punkte. Volkswirte hatten dagegen einen Anstieg auf 89,2 prognostiziert, nachdem f\u00fcr August vorl\u00e4ufig 89,0 Punkte gemeldet worden waren. <\/p>\n<p>Der Index der Lagebeurteilung ging auf 85,7 (Vormonat: 86,4) Punkte zur\u00fcck. Volkswirte hatten einen Anstieg 86,5 erwartet. Der Index der Gesch\u00e4ftserwartungen sank auf 89,7 (revidiert: 91,4) Punkte. Erwartet worden waren 92,0, nach vorl\u00e4ufig gemeldeten 91,6 im August. &#8222;Die Hoffnung auf wirtschaftliche Erholung erleidet einen D\u00e4mpfer&#8220;, kommentierte das Ifo-Institut die Daten.<\/p>\n<p>&#8222;Mal wieder werden Wachstumshoffnungen entt\u00e4uscht&#8220;, sagt der Chefvolkswirt von Hauck Aufh\u00e4user Lampe Alexander Kr\u00fcger ntv.de. Das &#8222;lethargisch wirkende innenpolitische Umfeld&#8220; sei daran nicht ganz unbeteiligt. &#8222;Fakt ist, dass die aktuelle Gesch\u00e4ftslage so schlecht ist wie zu Zeiten der Finanzkrise und Corona-Pandemie. Um Wachstumsperspektiven nachhaltig zu steigern, braucht es einen deutlichen Stimmungsumschwung.&#8220; Wo der herkommen solle, zeichne sich derzeit allerdings nicht ab. &#8222;Die gro\u00dfe Herausforderung bleibt, mit der Fiskal-Bazooka dauerhaft einen h\u00f6heren Wachstumspfad zu erreichen.&#8220;<\/p>\n","protected":false},"excerpt":{"rendered":"Das Gesch\u00e4ftsklima in Deutschland hat sich im September unerwartet eingetr\u00fcbt. Der vom Ifo-Institut erhobene Gesch\u00e4ftsklimaindex fiel auf 87,7&hellip;\n","protected":false},"author":2,"featured_media":446723,"comment_status":"","ping_status":"","sticky":false,"template":"","format":"standard","meta":{"footnotes":"","_share_on_mastodon":"0"},"categories":[134],"tags":[5241,1752,175,170,169,282,29,115663,30,9350,19358,2108,171,174,7245,173,172],"class_list":["post-446722","post","type-post","status-publish","format-standard","has-post-thumbnail","category-unternehmen-maerkte","tag-blick","tag-boersen-tag","tag-business","tag-companies","tag-companies-markets","tag-der","tag-deutschland","tag-duennt","tag-germany","tag-lange","tag-liste","tag-lufthansa","tag-markets","tag-maerkte","tag-streckennetz","tag-unternehmen","tag-unternehmen-maerkte"],"share_on_mastodon":{"url":"https:\/\/pubeurope.com\/@de\/115258927664184445","error":""},"_links":{"self":[{"href":"https:\/\/www.europesays.com\/de\/wp-json\/wp\/v2\/posts\/446722","targetHints":{"allow":["GET"]}}],"collection":[{"href":"https:\/\/www.europesays.com\/de\/wp-json\/wp\/v2\/posts"}],"about":[{"href":"https:\/\/www.europesays.com\/de\/wp-json\/wp\/v2\/types\/post"}],"author":[{"embeddable":true,"href":"https:\/\/www.europesays.com\/de\/wp-json\/wp\/v2\/users\/2"}],"replies":[{"embeddable":true,"href":"https:\/\/www.europesays.com\/de\/wp-json\/wp\/v2\/comments?post=446722"}],"version-history":[{"count":0,"href":"https:\/\/www.europesays.com\/de\/wp-json\/wp\/v2\/posts\/446722\/revisions"}],"wp:featuredmedia":[{"embeddable":true,"href":"https:\/\/www.europesays.com\/de\/wp-json\/wp\/v2\/media\/446723"}],"wp:attachment":[{"href":"https:\/\/www.europesays.com\/de\/wp-json\/wp\/v2\/media?parent=446722"}],"wp:term":[{"taxonomy":"category","embeddable":true,"href":"https:\/\/www.europesays.com\/de\/wp-json\/wp\/v2\/categories?post=446722"},{"taxonomy":"post_tag","embeddable":true,"href":"https:\/\/www.europesays.com\/de\/wp-json\/wp\/v2\/tags?post=446722"}],"curies":[{"name":"wp","href":"https:\/\/api.w.org\/{rel}","templated":true}]}}