{"id":447092,"date":"2025-09-24T14:32:19","date_gmt":"2025-09-24T14:32:19","guid":{"rendered":"https:\/\/www.europesays.com\/de\/447092\/"},"modified":"2025-09-24T14:32:19","modified_gmt":"2025-09-24T14:32:19","slug":"hof-in-essen-leuchtet-wieder-mit-eigener-kuerbis-landschaft","status":"publish","type":"post","link":"https:\/\/www.europesays.com\/de\/447092\/","title":{"rendered":"Hof in Essen leuchtet wieder mit eigener K\u00fcrbis-Landschaft"},"content":{"rendered":"<p>In Essen hat der Herbst begonnen &#8211; K\u00fcrbiszeit eingeleitet<\/p>\n<p>Die Bl\u00e4tter an den B\u00e4umen werden wieder bunt, das Laub liegt schon auf den Stra\u00dfen und die \u00dcbergangsjacke findet ihren Weg aus dem Kleiderschrank zur\u00fcck an die Garderobe. Es wird Zeit f\u00fcr Suppen und Eint\u00f6pfe, und da darf bei Euch ein bestimmtes Gem\u00fcse nicht fehlen: der K\u00fcrbis.<\/p>\n<p>K\u00fcrbisparadies auf dem Buchholz-Hof in Essen<\/p>\n<p>Auf dem Buchholz-Hof in Essen-Kettwig findet auch dieses Jahr wieder das K\u00fcrbisfest statt. Zwischen 20.000 und 25.000 K\u00fcrbisse stehen noch bis zum 05. Oktober 2025 auf dem Bauernhof f\u00fcr Euch bereit. Zierk\u00fcrbisse und Hokkaidok\u00fcrbisse bis hin zum klassischen Halloweenk\u00fcrbis sind zu sehen und k\u00f6nnen zum Kochen, Schnitzen oder einfach f\u00fcr das Foto genutzt werden.<\/p>\n<p><a href=\"https:\/\/www.radioessen.de\/externalimages\/?source=jpg799\/img_4440.jpeg&amp;dt=202509241516350&amp;resize=1280x960\" data-caption=\"Verschiedene K\u00fcrbissorten\" itemprop=\"contentUrl\" data-size=\"1280x960\" rel=\"nofollow noopener\" target=\"_blank\"><img decoding=\"async\" alt=\"\" src=\"https:\/\/www.europesays.com\/de\/wp-content\/uploads\/2025\/09\/img_4440.jpeg&#038;crop=0x357x5712x3570&#038;resize=1280x800&#038;dt=202509241516350.jpeg\" data-size=\"1280x800\"\/><\/a>Verschiedene K\u00fcrbissorten\u00a9 Radio Essen<\/p>\n<p>Verschiedene K\u00fcrbissorten<\/p>\n<p>\u00a9 Radio EssenWas macht Essen mit K\u00fcrbissen?<\/p>\n<p>Ob als Deko, zum Kochen oder zum Schnitzen, der K\u00fcrbis ist sehr vielf\u00e4ltig einsetzbar. Wir waren auf dem Buchholz-Hof in Kettwig unterwegs und haben Euch gefragt, was Ihr mit den K\u00fcrbissen macht. Einige von Euch haben uns verraten, welches Gericht sie am liebsten mit K\u00fcrbissen kochen. Euer Gewinner steht fest: die klassische K\u00fcrbissuppe.<\/p>\n<p>So viele K\u00fcrbisse auf dem Bauernhof in Essen<\/p>\n<p>\u00dcber 20.000 K\u00fcrbisse sind auf dem Hof aufgebaut, viele liegen noch auf den Feldern und warten darauf, zum Hofladen gebracht zu werden. Die meisten K\u00fcrbisse werden verkauft und am Wochenende auf dem K\u00fcrbisfest zu K\u00fcrbispuffern und K\u00fcrbissuppe verarbeitet. Viele bleiben daher nicht \u00fcbrig. Wenn doch, werden sie gespendet.<\/p>\n<p>Das K\u00fcrbisfest auf dem Buchholz-Hof in Kettwig ist in der Woche frei zug\u00e4nglich, am Wochenende wird ein Eintritt von 5 Euro erhoben, um die Besucherstr\u00f6me zu leiten. In dem Eintritt ist ein Gutschein von 3 Euro enthalten, den Ihr in der K\u00fcrbislandschaft f\u00fcr Essen, Getr\u00e4nke, \u00c4pfelpfl\u00fccken und Traktorfahrten einl\u00f6sen k\u00f6nnt.<\/p>\n<p>Impressionen von der K\u00fcrbislandschaftMehr Nachrichten aus Essen<\/p>\n","protected":false},"excerpt":{"rendered":"In Essen hat der Herbst begonnen &#8211; K\u00fcrbiszeit eingeleitet Die Bl\u00e4tter an den B\u00e4umen werden wieder bunt, das&hellip;\n","protected":false},"author":2,"featured_media":447093,"comment_status":"","ping_status":"","sticky":false,"template":"","format":"standard","meta":{"footnotes":"","_share_on_mastodon":"0"},"categories":[1834],"tags":[115713,115711,115710,115712,21648,3364,29,3688,30,851,46086,1209,42634,1457],"class_list":["post-447092","post","type-post","status-publish","format-standard","has-post-thumbnail","category-essen","tag-herbstlich","tag-krbis","tag-krbisse","tag-krbissuppe","tag-bauernhof","tag-de","tag-deutschland","tag-essen","tag-germany","tag-herbst","tag-hofladen","tag-nordrhein-westfalen","tag-rezept","tag-rezepte"],"share_on_mastodon":{"url":"https:\/\/pubeurope.com\/@de\/115259765244416951","error":""},"_links":{"self":[{"href":"https:\/\/www.europesays.com\/de\/wp-json\/wp\/v2\/posts\/447092","targetHints":{"allow":["GET"]}}],"collection":[{"href":"https:\/\/www.europesays.com\/de\/wp-json\/wp\/v2\/posts"}],"about":[{"href":"https:\/\/www.europesays.com\/de\/wp-json\/wp\/v2\/types\/post"}],"author":[{"embeddable":true,"href":"https:\/\/www.europesays.com\/de\/wp-json\/wp\/v2\/users\/2"}],"replies":[{"embeddable":true,"href":"https:\/\/www.europesays.com\/de\/wp-json\/wp\/v2\/comments?post=447092"}],"version-history":[{"count":0,"href":"https:\/\/www.europesays.com\/de\/wp-json\/wp\/v2\/posts\/447092\/revisions"}],"wp:featuredmedia":[{"embeddable":true,"href":"https:\/\/www.europesays.com\/de\/wp-json\/wp\/v2\/media\/447093"}],"wp:attachment":[{"href":"https:\/\/www.europesays.com\/de\/wp-json\/wp\/v2\/media?parent=447092"}],"wp:term":[{"taxonomy":"category","embeddable":true,"href":"https:\/\/www.europesays.com\/de\/wp-json\/wp\/v2\/categories?post=447092"},{"taxonomy":"post_tag","embeddable":true,"href":"https:\/\/www.europesays.com\/de\/wp-json\/wp\/v2\/tags?post=447092"}],"curies":[{"name":"wp","href":"https:\/\/api.w.org\/{rel}","templated":true}]}}