{"id":447223,"date":"2025-09-24T15:45:11","date_gmt":"2025-09-24T15:45:11","guid":{"rendered":"https:\/\/www.europesays.com\/de\/447223\/"},"modified":"2025-09-24T15:45:11","modified_gmt":"2025-09-24T15:45:11","slug":"weisser-riese-in-duisburg-marode-wohnungen-werden-zwangsversteigert","status":"publish","type":"post","link":"https:\/\/www.europesays.com\/de\/447223\/","title":{"rendered":"&#8222;Wei\u00dfer Riese&#8220; in Duisburg: Marode Wohnungen werden zwangsversteigert"},"content":{"rendered":"<p class=\"text_ohne_einzug richtext text-em-55 !leading-serif mx-6 desktop:mx-0\">Einer der ber\u00fcchtigten \u201eWei\u00dfen Riesen\u201c aus der Hochhaussiedlung im Duisburger Westen sorgte im vergangenen Jahr f\u00fcr bundesweite Schlagzeilen, weil sich <a href=\"https:\/\/rp-online.de\/thema\/dhl\/\" target=\"_blank\" rel=\"noopener\">DHL<\/a> weigerte, Pakete in das 20-st\u00f6ckige Geb\u00e4ude zu liefern. Nun kommen fast 40 Wohnungen aus dem Geb\u00e4ude unter den Hammer, das Amtsgericht <a href=\"https:\/\/rp-online.de\/thema\/duisburg\/\" target=\"_blank\" rel=\"noopener\">Duisburg<\/a> wird sie zwangsversteigern \u2013 zum Teil zu Preisen zwischen 8700 und 14.000 Euro. F\u00fcr eine ganze Wohnung, wohlgemerkt. Viele Objekte m\u00fcssen allerdings dringend saniert werden.<\/p>\n","protected":false},"excerpt":{"rendered":"Einer der ber\u00fcchtigten \u201eWei\u00dfen Riesen\u201c aus der Hochhaussiedlung im Duisburger Westen sorgte im vergangenen Jahr f\u00fcr bundesweite Schlagzeilen,&hellip;\n","protected":false},"author":2,"featured_media":447224,"comment_status":"","ping_status":"","sticky":false,"template":"","format":"standard","meta":{"footnotes":""},"categories":[1838],"tags":[115734,3364,29,10076,3715,10019,30,17543,2744,3037,4841,1209,56787,57863,34687,626],"class_list":{"0":"post-447223","1":"post","2":"type-post","3":"status-publish","4":"format-standard","5":"has-post-thumbnail","7":"category-duisburg","8":"tag-beruechtigten","9":"tag-de","10":"tag-deutschland","11":"tag-dhl","12":"tag-duisburg","13":"tag-gebaeude","14":"tag-germany","15":"tag-hammer","16":"tag-hochhaus","17":"tag-hochhaeuser","18":"tag-hochhaussiedlung","19":"tag-nordrhein-westfalen","20":"tag-objekt","21":"tag-riese","22":"tag-weissen","23":"tag-wohnung"},"share_on_mastodon":{"url":"https:\/\/pubeurope.com\/@de\/115260052383637132","error":""},"_links":{"self":[{"href":"https:\/\/www.europesays.com\/de\/wp-json\/wp\/v2\/posts\/447223","targetHints":{"allow":["GET"]}}],"collection":[{"href":"https:\/\/www.europesays.com\/de\/wp-json\/wp\/v2\/posts"}],"about":[{"href":"https:\/\/www.europesays.com\/de\/wp-json\/wp\/v2\/types\/post"}],"author":[{"embeddable":true,"href":"https:\/\/www.europesays.com\/de\/wp-json\/wp\/v2\/users\/2"}],"replies":[{"embeddable":true,"href":"https:\/\/www.europesays.com\/de\/wp-json\/wp\/v2\/comments?post=447223"}],"version-history":[{"count":0,"href":"https:\/\/www.europesays.com\/de\/wp-json\/wp\/v2\/posts\/447223\/revisions"}],"wp:featuredmedia":[{"embeddable":true,"href":"https:\/\/www.europesays.com\/de\/wp-json\/wp\/v2\/media\/447224"}],"wp:attachment":[{"href":"https:\/\/www.europesays.com\/de\/wp-json\/wp\/v2\/media?parent=447223"}],"wp:term":[{"taxonomy":"category","embeddable":true,"href":"https:\/\/www.europesays.com\/de\/wp-json\/wp\/v2\/categories?post=447223"},{"taxonomy":"post_tag","embeddable":true,"href":"https:\/\/www.europesays.com\/de\/wp-json\/wp\/v2\/tags?post=447223"}],"curies":[{"name":"wp","href":"https:\/\/api.w.org\/{rel}","templated":true}]}}