{"id":447518,"date":"2025-09-24T18:23:10","date_gmt":"2025-09-24T18:23:10","guid":{"rendered":"https:\/\/www.europesays.com\/de\/447518\/"},"modified":"2025-09-24T18:23:10","modified_gmt":"2025-09-24T18:23:10","slug":"tiflis-bestellt-botschafter-ein-streit-zwischen-georgien-und-deutschland-spitzt-sich-zu","status":"publish","type":"post","link":"https:\/\/www.europesays.com\/de\/447518\/","title":{"rendered":"Tiflis bestellt Botschafter ein: Streit zwischen Georgien und Deutschland spitzt sich zu"},"content":{"rendered":"<p>                    Tiflis bestellt Botschafter ein<br \/>\n                Streit zwischen Georgien und Deutschland spitzt sich zu<\/p>\n<p>\t\t\t\t              24.09.2025, 19:57 Uhr<\/p>\n<p><strong>Ernst Peter Fischer vertritt als Botschafter die deutschen Interessen in Georgien. Die Regierung in Tiflis ist mit seinen Positionen allerdings nicht auf einer Linie &#8211; es kommt zu diplomatischen Spannungen. Jetzt wird Fischer einbestellt und belehrt. Das Ausw\u00e4rtige Amt reagiert sofort.<\/strong><\/p>\n<p>Das Au\u00dfenministerium Georgiens hat den deutschen Botschafter Ernst Peter Fischer aus Unzufriedenheit \u00fcber dessen politische \u00c4u\u00dferungen im Land einbestellt. Fischer sei daran erinnert worden, dass sich Diplomaten entsprechend der Wiener Konvention von 1961 an Gesetze und Regeln des Gastgeberlandes zu halten haben, hei\u00dft es in einer <a href=\"https:\/\/mfa.gov.ge\/en\/news\/891794-germaniis-sagangebo-da-sruluphlebiani-elchis-peter-phisheris-saministroshi-dabareba\" rel=\"Follow nofollow noopener\" target=\"_blank\">Mitteilung des Ministeriums<\/a>. &#8222;Die georgische Seite hat ihre Besorgnis ausgedr\u00fcckt bez\u00fcglich der Versuche, eine radikale Agenda im Land zu befeuern, die nicht mit den Prinzipien der Demokratie \u00fcbereinstimmt und zur Versch\u00e4rfung der sozialen Polarisierung beitr\u00e4gt&#8220;, teilte das Ministerium mit.<\/p>\n<p>Das Ausw\u00e4rtige Amt widersprach dem. Man weise die &#8222;anhaltende aggressive Rhetorik&#8220; von Vertretern der Regierungspartei Georgischer Traum gegen\u00fcber dem deutschen Botschafter in Tiflis &#8222;und seine heutige haltlose Vorladung entschieden zur\u00fcck&#8220;, hie\u00df es <a href=\"https:\/\/bsky.app\/profile\/germany.diplo.de\/post\/3lzlo2aukns2c\" rel=\"Follow nofollow noopener\" target=\"_blank\">auf Bluesky<\/a>. Er vertrete die Position der Bundesregierung und handele in voller \u00dcbereinstimmung mit dem Wiener \u00dcbereinkommen.<\/p>\n<p>Erst vor zwei Wochen hatte Regierungschef Irakli Kobachidse Fischer Einmischung in die inneren Angelegenheiten des Landes vorgeworfen. Hintergrund war Fischers wiederholte \u00f6ffentliche Kritik am zunehmend autorit\u00e4ren Kurs der georgischen Regierung. Unter anderem zog der Diplomat durch den Besuch von Gerichtsverhandlungen gegen Oppositionelle \u00c4rger auf sich.<\/p>\n<p>Im Herbst 2024 hatte sich die Partei Georgischer Traum nach der umstrittenen Parlamentswahl zur Siegerin erkl\u00e4rt. Als Kobachidse dann auch noch die in der georgischen Verfassung verankerte EU-Ann\u00e4herung aussetzte, gab es wochenlang Massendemonstrationen, vor allem in Tiflis, aber auch in anderen St\u00e4dten. Die Opposition hat aus Protest gro\u00dfteils die Annahme ihrer Mandate verweigert. Die Wahlen haben auch das Verh\u00e4ltnis zwischen Tiflis und Br\u00fcssel weiter belastet.<\/p>\n","protected":false},"excerpt":{"rendered":"Tiflis bestellt Botschafter ein Streit zwischen Georgien und Deutschland spitzt sich zu 24.09.2025, 19:57 Uhr Ernst Peter Fischer&hellip;\n","protected":false},"author":2,"featured_media":447519,"comment_status":"","ping_status":"","sticky":false,"template":"","format":"standard","meta":{"footnotes":"","_share_on_mastodon":"0"},"categories":[2],"tags":[331,3924,332,3922,38,3364,29,508,13538,30,13,14,3923,15,3921,16,12,43116],"class_list":["post-447518","post","type-post","status-publish","format-standard","has-post-thumbnail","category-deutschland","tag-aktuelle-nachrichten","tag-aktuelle-nachrichten-aus-deutschland","tag-aktuelle-news","tag-aktuelle-news-aus-deutschland","tag-auswaertiges-amt","tag-de","tag-deutschland","tag-diplomatie","tag-georgien","tag-germany","tag-headlines","tag-nachrichten","tag-nachrichten-aus-deutschland","tag-news","tag-news-aus-deutschland","tag-politik","tag-schlagzeilen","tag-tiflis"],"share_on_mastodon":{"url":"https:\/\/pubeurope.com\/@de\/115260673500691429","error":""},"_links":{"self":[{"href":"https:\/\/www.europesays.com\/de\/wp-json\/wp\/v2\/posts\/447518","targetHints":{"allow":["GET"]}}],"collection":[{"href":"https:\/\/www.europesays.com\/de\/wp-json\/wp\/v2\/posts"}],"about":[{"href":"https:\/\/www.europesays.com\/de\/wp-json\/wp\/v2\/types\/post"}],"author":[{"embeddable":true,"href":"https:\/\/www.europesays.com\/de\/wp-json\/wp\/v2\/users\/2"}],"replies":[{"embeddable":true,"href":"https:\/\/www.europesays.com\/de\/wp-json\/wp\/v2\/comments?post=447518"}],"version-history":[{"count":0,"href":"https:\/\/www.europesays.com\/de\/wp-json\/wp\/v2\/posts\/447518\/revisions"}],"wp:featuredmedia":[{"embeddable":true,"href":"https:\/\/www.europesays.com\/de\/wp-json\/wp\/v2\/media\/447519"}],"wp:attachment":[{"href":"https:\/\/www.europesays.com\/de\/wp-json\/wp\/v2\/media?parent=447518"}],"wp:term":[{"taxonomy":"category","embeddable":true,"href":"https:\/\/www.europesays.com\/de\/wp-json\/wp\/v2\/categories?post=447518"},{"taxonomy":"post_tag","embeddable":true,"href":"https:\/\/www.europesays.com\/de\/wp-json\/wp\/v2\/tags?post=447518"}],"curies":[{"name":"wp","href":"https:\/\/api.w.org\/{rel}","templated":true}]}}