{"id":447711,"date":"2025-09-24T20:11:12","date_gmt":"2025-09-24T20:11:12","guid":{"rendered":"https:\/\/www.europesays.com\/de\/447711\/"},"modified":"2025-09-24T20:11:12","modified_gmt":"2025-09-24T20:11:12","slug":"eroeffnungswochenende-am-schauspiel-koeln","status":"publish","type":"post","link":"https:\/\/www.europesays.com\/de\/447711\/","title":{"rendered":"Er\u00f6ffnungswochenende am Schauspiel K\u00f6ln &#8211;"},"content":{"rendered":"<p><img fetchpriority=\"high\" width=\"640\" height=\"381\" src=\"https:\/\/www.europesays.com\/de\/wp-content\/uploads\/2025\/09\/Imagine_SPKoeln_Probe_1243189_Copyright-Marcel-Urlaub-640x381.jpg\" class=\"attachment-mh-magazine-content size-mh-magazine-content wp-post-image\" alt=\"\" title=\"Imagine\" loading=\"eager\" decoding=\"async\"\/><br \/>\nImagine ~ Schauspiel K\u00f6ln ~ Probenbild ~ \u00a9 Marcel Urlaub<\/p>\n<p><strong>Neustart am Schauspiel K\u00f6ln: Mit 29 Premieren und vielen Extra-Veranstaltungen l\u00e4dt das neue Team um Intendant Kay Voges das Publikum ins Depot auf dem Carlswerk-Gel\u00e4nde ein.<\/strong><\/p>\n<p>Urauff\u00fchrung von \u201eImagine\u201c<\/p>\n<p>Den Auftakt macht \u201eImagine\u201c am Freitag, 26. September, um 19.30 Uhr im Depot 1. Regisseur <strong>Kay Voges<\/strong> hat sich f\u00fcr die Urauff\u00fchrung den Titel von der gleichnamigen Friedenshymne von John Lennon geborgt und entwirft mit Chefdramaturg <strong>Alexander Kerlin<\/strong> und dem Ensemble eine Welt zwischen einsamem Dorfplatz und mystischer Vorstellungskraft. Und w\u00e4hrend alle ihrem Alltag in einer friedlichen Welt nachgehen, \u00f6ffnet sich der Himmel. Doch kommt Erl\u00f6sung oder Gefahr auf sie zu? Ein Gro\u00dfteil des neuen Ensembles stellt sich in \u201eImagine\u201c dem K\u00f6lner Publikum vor.<\/p>\n<p>\u201eDer Name\u201c feiert K\u00f6lner Premiere<\/p>\n<p>Nur einen Tag sp\u00e4ter folgt die zweite Inszenierung von <strong>Kay Voges<\/strong>, die als K\u00f6lner Premiere mit drei Neubesetzungen im Ensemble am Samstag, 27. September um 20 Uhr im Depot 2 zu sehen ist. Der mehrfach preisgekr\u00f6nte Autor<strong> Jon Fosse<\/strong> hat mit \u201eDer Name\u201c sein vielleicht bestes Theaterst\u00fcck geschrieben.<\/p>\n<p>Eine hochschwangere junge Frau kommt zur\u00fcck zu ihrer Familie, die Situation ist explosiv. Die Mutter ist krank, der Vater wortkarg, es liegt Gewalt in der Luft und doch passiert scheinbar nichts. Auf der B\u00fchne stehen Louisa Beck, Rebekka Biener, Thomas Dannemann, Jonas Dumke, Fabian Reichenbach und Birgit Unterweger. F\u00fcr die Produktion gab es bereits eine Vorpremiere: \u201eDer Name\u201c war im September als Gastspiel zum Fosse-Festival in Oslo eingeladen.<\/p>\n<p><img loading=\"lazy\" decoding=\"async\" width=\"640\" height=\"457\" src=\"https:\/\/www.europesays.com\/de\/wp-content\/uploads\/2025\/09\/Motherfuckinghood_Copyright-Anna-Sorgalla_1_crop.jpg\" alt=\"\" class=\"wp-image-46617\"  \/><strong>#Motherfuckinghood <\/strong><br \/>\u00a9 Anna Sorgalla<\/p>\n<p>\u201e#Motherfuckinghood\u201c<\/p>\n<p>Den Abschluss des ersten Premierenwochenendes bildet \u201e#Motherfuckinghood\u201c von <strong>Claude De Demo<\/strong> und <strong>Jorinde Dr\u00f6se<\/strong>, das vom gesellschaftlichen sowie eigenen Anspruch an M\u00fctter erz\u00e4hlt. Denn Wut, \u00dcberforderung und Schuld geh\u00f6ren ebenso zu Mutterschaft wie\u00a0Liebe, F\u00fcrsorge und Z\u00e4rtlichkeit. Der Abend feiert am Sonntag, 28. September, um 20 Uhr K\u00f6lner Premiere im Depot 2.<\/p>\n<p>Die ersten beiden Premieren sind bereits ausverkauft, m\u00f6glich sind gegebenenfalls noch Restkarten an der Abendkasse. F\u00fcr die weiteren Vorstellungen sowie die Premiere von \u201e#Motherfuckinghood\u201c sind Karten an der Vorverkaufskasse in den Opernpassagen und unter <a href=\"http:\/\/splkln.de\" target=\"_blank\" rel=\"noreferrer noopener nofollow\">splkln.de<\/a> erh\u00e4ltlich.<\/p>\n","protected":false},"excerpt":{"rendered":"Imagine ~ Schauspiel K\u00f6ln ~ Probenbild ~ \u00a9 Marcel Urlaub Neustart am Schauspiel K\u00f6ln: Mit 29 Premieren und&hellip;\n","protected":false},"author":2,"featured_media":447712,"comment_status":"","ping_status":"","sticky":false,"template":"","format":"standard","meta":{"footnotes":""},"categories":[1828],"tags":[29,30,1420,1209,115814,94],"class_list":{"0":"post-447711","1":"post","2":"type-post","3":"status-publish","4":"format-standard","5":"has-post-thumbnail","7":"category-koeln","8":"tag-deutschland","9":"tag-germany","10":"tag-koeln","11":"tag-nordrhein-westfalen","12":"tag-schauspiel-koeln","13":"tag-theater"},"share_on_mastodon":{"url":"https:\/\/pubeurope.com\/@de\/115261098200752694","error":""},"_links":{"self":[{"href":"https:\/\/www.europesays.com\/de\/wp-json\/wp\/v2\/posts\/447711","targetHints":{"allow":["GET"]}}],"collection":[{"href":"https:\/\/www.europesays.com\/de\/wp-json\/wp\/v2\/posts"}],"about":[{"href":"https:\/\/www.europesays.com\/de\/wp-json\/wp\/v2\/types\/post"}],"author":[{"embeddable":true,"href":"https:\/\/www.europesays.com\/de\/wp-json\/wp\/v2\/users\/2"}],"replies":[{"embeddable":true,"href":"https:\/\/www.europesays.com\/de\/wp-json\/wp\/v2\/comments?post=447711"}],"version-history":[{"count":0,"href":"https:\/\/www.europesays.com\/de\/wp-json\/wp\/v2\/posts\/447711\/revisions"}],"wp:featuredmedia":[{"embeddable":true,"href":"https:\/\/www.europesays.com\/de\/wp-json\/wp\/v2\/media\/447712"}],"wp:attachment":[{"href":"https:\/\/www.europesays.com\/de\/wp-json\/wp\/v2\/media?parent=447711"}],"wp:term":[{"taxonomy":"category","embeddable":true,"href":"https:\/\/www.europesays.com\/de\/wp-json\/wp\/v2\/categories?post=447711"},{"taxonomy":"post_tag","embeddable":true,"href":"https:\/\/www.europesays.com\/de\/wp-json\/wp\/v2\/tags?post=447711"}],"curies":[{"name":"wp","href":"https:\/\/api.w.org\/{rel}","templated":true}]}}