{"id":448148,"date":"2025-09-25T00:23:13","date_gmt":"2025-09-25T00:23:13","guid":{"rendered":"https:\/\/www.europesays.com\/de\/448148\/"},"modified":"2025-09-25T00:23:13","modified_gmt":"2025-09-25T00:23:13","slug":"bankangestellte-nach-fingiertem-ueberfall-verurteilt","status":"publish","type":"post","link":"https:\/\/www.europesays.com\/de\/448148\/","title":{"rendered":"Bankangestellte nach fingiertem \u00dcberfall verurteilt"},"content":{"rendered":"<p>Dreieinhalb Jahre Gef\u00e4ngnis <\/p>\n<p>Bankangestellte inszeniert eigenen \u00dcberfall<\/p>\n<p>25.09.2025 &#8211; 02:03 UhrLesedauer: 1 Min.<\/p>\n<p><a href=\"#focus-0\" class=\"transition-colors duration-200 block text-current relative\" data-sctrack=\"FocusGalleryImage.Reference\"><img fetchpriority=\"high\" data-testid=\"Opener.Image\" style=\"--lqipURL:url('https:\/\/images.t-online.de\/2025\/09\/tsyylYhuAZLG\/0x83:800x450\/fit-in\/150x0\/filters:blur(25)\/eine-angeklagte-person-sitzt-vor-dem-prozess-im-gerichtssaal-die-bankangestellte-soll-geld-aus-dem-tresor-ihres-arbeitgebers-gestohlen-haben.jpg')\"   loading=\"eager\" src=\"https:\/\/www.europesays.com\/de\/wp-content\/uploads\/2025\/09\/eine-angeklagte-person-sitzt-vor-dem-prozess-im-gerichtssaal-die-bankangestellte-soll-geld-aus-dem-t.jpeg\" alt=\"Eine angeklagte Person sitzt vor dem Prozess im Gerichtssaal: Die Bankangestellte soll Geld aus dem Tresor ihres Arbeitgebers gestohlen haben.\" title=\"Eine angeklagte Person sitzt vor dem Prozess im Gerichtssaal: Die Bankangestellte soll Geld aus dem Tresor ihres Arbeitgebers gestohlen haben.\" width=\"800\" height=\"450\" class=\"bg-[url:var(--lqipURL)] bg-cover bg-center flex h-full w-full max-w-full\" decoding=\"async\"\/><img style=\"--width:32;--height:32\" loading=\"lazy\" src=\"https:\/\/muenchen.t-online.de\/s\/paper\/_next\/static\/media\/zoom-in.f7dae02f.svg\" alt=\"Vergr\u00f6\u00dfern des Bildes\" title=\"Vergr\u00f6\u00dfern des Bildes\" class=\"block h-[calc(var(--height)_\/_16_*_1rem)] w-[calc(var(--width)_\/_16_*_1rem)] max-w-none absolute bottom-8 right-8 rounded-4 bg-snow p-8\" decoding=\"async\"\/><\/a><\/p>\n<p>Eine angeklagte Person sitzt vor dem Prozess im Gerichtssaal: Die Bankangestellte soll Geld aus dem Tresor ihres Arbeitgebers gestohlen haben. (Quelle: Sven Hoppe\/dpa)<\/p>\n<p class=\"font-bold text-18 leading-17\">Eine Bankangestellte alarmiert die Polizei nach einem angeblichen \u00dcberfall. Doch die 23-J\u00e4hrige war selbst die Mitt\u00e4terin \u2013 das Landgericht M\u00fcnchen I verurteilte sie nun.<\/p>\n<p class=\"text-18 leading-17\">Eine Bankangestellte aus M\u00fcnchen wollte den perfekten Diebstahl inszenieren \u2013 doch ihr Plan flog auf. Das Landgericht M\u00fcnchen I hat jetzt die 23-J\u00e4hrige zu einer Freiheitsstrafe von drei Jahren und sechs Monaten wegen Diebstahls, Vort\u00e4uschens einer Straftat und Missbrauchs von Notrufen verurteilt. Das Urteil ist noch nicht rechtskr\u00e4ftig.<\/p>\n<p class=\"text-18 leading-17\">Das Gericht sah es nach f\u00fcnf Verhandlungstagen als erwiesen an, dass die Angeklagte einem unbekannten Mitt\u00e4ter den Zutritt zu den Tresorr\u00e4umen der Bank erm\u00f6glichte, in der sie damals besch\u00e4ftigt war. Dieser Komplize stahl mehr als 450.000 Euro.<\/p>\n<p class=\"text-18 leading-17\">Anschlie\u00dfend inszenierte die Bankangestellte einen \u00dcberfall: Sie dr\u00fcckte den Alarmknopf und gab gegen\u00fcber der Bank und der Polizei an, sie sei \u00fcberfallen worden. Damit l\u00f6ste sie einen Gro\u00dfeinsatz aus, in dessen Rahmen zwei M\u00e4nner festgenommen wurden, die auf ihre angebliche T\u00e4terbeschreibung passten.<\/p>\n<p class=\"text-18 leading-17\">Ihr drei Jahre j\u00fcngerer Freund wurde ebenfalls vor Gericht gestellt. Er war wegen Beg\u00fcnstigung angeklagt, da er laut Anklage Geld aus dem Diebstahl erhalten hatte. Als Heranwachsender bekam er einen Dauerarrest von vier Wochen, den er jedoch durch die Untersuchungshaft bereits abgesessen hatte.<\/p>\n<p class=\"text-18 leading-17\">Die heute 23-J\u00e4hrige gestand vor Gericht alle Vorw\u00fcrfe. Wer ihr Mitt\u00e4ter war, mit dem sie den Tatplan gemeinsam gefasst hatte, verriet sie jedoch nicht. Bei ihrem mitangeklagten Freund wurden 100.000 Euro in einer Matratze gefunden. Wo der Rest der Beute ist, ist bis heute unbekannt.<\/p>\n","protected":false},"excerpt":{"rendered":"Dreieinhalb Jahre Gef\u00e4ngnis Bankangestellte inszeniert eigenen \u00dcberfall 25.09.2025 &#8211; 02:03 UhrLesedauer: 1 Min. Eine angeklagte Person sitzt vor&hellip;\n","protected":false},"author":2,"featured_media":448149,"comment_status":"","ping_status":"","sticky":false,"template":"","format":"standard","meta":{"footnotes":""},"categories":[1827],"tags":[722,3176,2294,772,29,5165,30,2553,1268,121,5310],"class_list":{"0":"post-448148","1":"post","2":"type-post","3":"status-publish","4":"format-standard","5":"has-post-thumbnail","7":"category-muenchen","8":"tag-722","9":"tag-3176","10":"tag-bank","11":"tag-bayern","12":"tag-deutschland","13":"tag-freiheitsstrafe","14":"tag-germany","15":"tag-landgericht-muenchen","16":"tag-muenchen","17":"tag-polizei","18":"tag-ueberfall"},"share_on_mastodon":{"url":"https:\/\/pubeurope.com\/@de\/115262089155275412","error":""},"_links":{"self":[{"href":"https:\/\/www.europesays.com\/de\/wp-json\/wp\/v2\/posts\/448148","targetHints":{"allow":["GET"]}}],"collection":[{"href":"https:\/\/www.europesays.com\/de\/wp-json\/wp\/v2\/posts"}],"about":[{"href":"https:\/\/www.europesays.com\/de\/wp-json\/wp\/v2\/types\/post"}],"author":[{"embeddable":true,"href":"https:\/\/www.europesays.com\/de\/wp-json\/wp\/v2\/users\/2"}],"replies":[{"embeddable":true,"href":"https:\/\/www.europesays.com\/de\/wp-json\/wp\/v2\/comments?post=448148"}],"version-history":[{"count":0,"href":"https:\/\/www.europesays.com\/de\/wp-json\/wp\/v2\/posts\/448148\/revisions"}],"wp:featuredmedia":[{"embeddable":true,"href":"https:\/\/www.europesays.com\/de\/wp-json\/wp\/v2\/media\/448149"}],"wp:attachment":[{"href":"https:\/\/www.europesays.com\/de\/wp-json\/wp\/v2\/media?parent=448148"}],"wp:term":[{"taxonomy":"category","embeddable":true,"href":"https:\/\/www.europesays.com\/de\/wp-json\/wp\/v2\/categories?post=448148"},{"taxonomy":"post_tag","embeddable":true,"href":"https:\/\/www.europesays.com\/de\/wp-json\/wp\/v2\/tags?post=448148"}],"curies":[{"name":"wp","href":"https:\/\/api.w.org\/{rel}","templated":true}]}}