{"id":449146,"date":"2025-09-25T10:01:12","date_gmt":"2025-09-25T10:01:12","guid":{"rendered":"https:\/\/www.europesays.com\/de\/449146\/"},"modified":"2025-09-25T10:01:12","modified_gmt":"2025-09-25T10:01:12","slug":"stellungnahme-des-adac-zum-neues-parkride-konzept-in-frankfurt-auch-bestehende","status":"publish","type":"post","link":"https:\/\/www.europesays.com\/de\/449146\/","title":{"rendered":"Stellungnahme des ADAC zum neues Park+Ride-Konzept in Frankfurt &#8211; Auch bestehende &#8230;"},"content":{"rendered":"<p class=\"date\">25.09.2025 \u2013 11:58<\/p>\n<p class=\"customer\">\n                        <a class=\"story-customer\" title=\"weiter zum newsroom von ADAC Hessen-Th\u00fcringen e.V.\" href=\"https:\/\/www.presseportal.de\/nr\/65936\" rel=\"nofollow noopener\" target=\"_blank\">ADAC Hessen-Th\u00fcringen e.V.<\/a>\n                    <\/p>\n<p><a class=\"glightbox event-trigger\" href=\"https:\/\/cache.pressmailing.net\/thumbnail\/story_hires\/b39a3c53-c8fb-47bb-b26f-dd8b7e71e3c6\/pr-borsigalle.jpg.jpg\" data-description=\"Das Park+Ride-Haus Borsigallee ist die letzte gro\u00dfe Park+Ride-Anlage, die in Frankfurt er\u00f6ffnet wurde. \/ ADAC Hessen-Th\u00fcringen e.V.\" data-category=\"medialightbox\" data-action=\"click\" data-label=\"single\" data-value=\"68d51241270000fd2c8d884c\" rel=\"nofollow noopener\" target=\"_blank\"><img decoding=\"async\" height=\"540\" with=\"720\" src=\"https:\/\/www.europesays.com\/de\/wp-content\/uploads\/2025\/09\/stellungnahme-des-adac-zum-neues-park-ride-konzept-in-frankfurt-auch-bestehende-anlagen-m-ssen-moder.jpeg\"   alt=\"Stellungnahme des ADAC zum neues Park+Ride-Konzept in Frankfurt - Auch bestehende Anlagen m\u00fcssen modernisiert werden\" class=\"single\"\/><\/a><\/p>\n<p class=\"story-download-headline\">Ein Dokument<\/p>\n<ul class=\"story-download-list\">\n<li class=\"story-download-list-item\"><a href=\"https:\/\/www.presseportal.de\/download\/document\/68d51242270000fd2c8d8860-pm-79-park-ride-frankfurt.pdf\" rel=\"nofollow noopener\" target=\"_blank\">PM_79_Park_Ride_Frankfurt.pdf<br \/>PDF &#8211; 183 kB<\/a><\/li>\n<\/ul>\n<p><b>Stellungnahme des ADAC zum neues Park+Ride-Konzept in Frankfurt<\/b><\/p>\n<p>Auch bestehende Anlagen m\u00fcssen modernisiert werden<\/p>\n<p>Die Er\u00f6ffnung der letzten gro\u00dfen Anlage war das Park+Ride-Haus Borsigallee mit 900 Stellpl\u00e4tzen am 2. September 1996. Daher st\u00f6\u00dft das heute vorgestellte Park+Ride-Konzept der Stadt Frankfurt weitgehend auf Zustimmung des ADAC. Der hohe Pendeldruck auf das gesamte Rhein-Main-Gebiet zwingt die Kommunen dazu, neue L\u00f6sungen zu finden. Klar ist jedoch, dass die bestehenden Kapazit\u00e4ten ebenso gepflegt und ausgebaut werden m\u00fcssen.  <\/p>\n<p>\u201eSeit drei Jahrzehnten hat Frankfurt keine neuen Park+Ride-Kapazit\u00e4ten geschaffen. Umso wichtiger ist das nun vorliegende Konzept, das erstmals gr\u00f6\u00dfere und leistungsf\u00e4higere Anlagen vorsieht\u201c, so Lukas Berkel, Verkehrsexperte des ADAC Hessen-Th\u00fcringen. \u201eDas Konzept bildet eine solide Grundlage, um die Innenstadt sp\u00fcrbar zu entlasten. Aus Sicht des ADAC muss die Stadt zudem bestehende Anlagen modernisieren, um Park+Ride in Frankfurt insgesamt attraktiver zu machen.\u201c <\/p>\n<p><b>Hintergrundinformation<\/b><\/p>\n<p>Der ADAC hat von M\u00e4rz bis Mai 2025 einen  <a target=\"_blank\" class=\"uri-ext outbound\" rel=\"noopener nofollow\" href=\"https:\/\/www.adac.de\/der-adac\/regionalclubs\/hessen-thueringen\/sicherheit-mobilitaet\/park-und-ride\/\">Park+Ride-Check<\/a> in Frankfurt und den umliegenden Pendlergemeinden durchgef\u00fchrt. Dabei zeigte sich, dass an 70 Prozent der 20 untersuchten Standorte ein sehr hoher Parkdruck herrscht \u2013 das hei\u00dft eine Belegung von \u00fcber 90 Prozent vorhanden war. Ein Drittel der Parkpl\u00e4tze war zum Erhebungszeitpunkt sogar komplett belegt. Die Analyse offenbarte au\u00dferdem Schw\u00e4chen bei der Barrierefreiheit, der Ausleuchtung und den Stellplatzbreiten.   <\/p>\n<p>F\u00fcr direkte Anfragen steht Ihnen unser Verkehrsexperte Lukas Berkel zur Verf\u00fcgung: Tel: 069 66 07 84 06, Mail:  <a target=\"_blank\" class=\"uri-ext outbound\" rel=\"noopener nofollow\" href=\"https:\/\/www.presseportal.de\/pm\/65936\/mailto:lukas.berkel@hth.adac.de\">lukas.berkel@hth.adac.de<\/a><\/p>\n<p><b>Pressekontakt <\/b><\/p>\n<p>Oliver Reidegeld<\/p>\n<p> T +49 69 66 07 85 00 <\/p>\n<p> <a target=\"_blank\" class=\"uri-ext outbound\" rel=\"noopener nofollow\" href=\"https:\/\/www.presseportal.de\/pm\/65936\/mailto:oliver.reidegeld@hth.adac.de\">oliver.reidegeld@hth.adac.de<\/a><\/p>\n<p>ADAC Hessen-Th\u00fcringen e.V.<br \/>\nUnternehmenskommunikation<br \/>\nLyoner Stra\u00dfe 22<br \/>\n60521 Frankfurt am Main<br \/>\nT +49 69 66 07 85 00<br \/>\n <a target=\"_blank\" class=\"uri-ext outbound\" rel=\"noopener nofollow\" href=\"https:\/\/www.presseportal.de\/pm\/65936\/mailto:presse@hth.adac.de\">presse@hth.adac.de<br \/>\n<\/a><a target=\"_blank\" class=\"uri-ext outbound\" rel=\"noopener nofollow\" href=\"http:\/\/adac.de\/hessen-thueringen\"> <a target=\"_blank\" class=\"uri-ext outbound\" rel=\"noopener nofollow\" href=\"https:\/\/www.adac.de\/der-adac\/regionalclubs\/hessen-thueringen\/\">adac.de\/hth<\/a>V.i.S.d.P.:<br \/>\nOliver Reidegeld, Pressesprecher<br \/>\n <a target=\"_blank\" class=\"uri-ext outbound\" rel=\"noopener nofollow\" href=\"https:\/\/www.presseportal.de\/pm\/65936\/mailto:oliver.reidegeld@hth.adac.de\">oliver.reidegeld<\/a> <a target=\"_blank\" class=\"uri-ext outbound\" rel=\"noopener nofollow\" href=\"https:\/\/www.presseportal.de\/pm\/65936\/mailto:oliver.reidegeld@hth.adac.de\">@hth.adac.de<\/a><\/p>\n<p>Informationen zum Datenschutz:  <a target=\"_blank\" class=\"uri-ext outbound\" rel=\"noopener nofollow\" href=\"http:\/\/www.adac.de\/hth-infopflicht\">www.adac.de\/hth-infopflicht<\/a><\/p>\n","protected":false},"excerpt":{"rendered":"25.09.2025 \u2013 11:58 ADAC Hessen-Th\u00fcringen e.V. Ein Dokument PM_79_Park_Ride_Frankfurt.pdfPDF &#8211; 183 kB Stellungnahme des ADAC zum neues Park+Ride-Konzept&hellip;\n","protected":false},"author":2,"featured_media":449147,"comment_status":"","ping_status":"","sticky":false,"template":"","format":"standard","meta":{"footnotes":""},"categories":[1829],"tags":[3477,29,2050,2051,30,2052,178,180,179,181],"class_list":{"0":"post-449146","1":"post","2":"type-post","3":"status-publish","4":"format-standard","5":"has-post-thumbnail","7":"category-frankfurt-am-main","8":"tag-bild","9":"tag-deutschland","10":"tag-frankfurt","11":"tag-frankfurt-am-main","12":"tag-germany","13":"tag-hessen","14":"tag-presse","15":"tag-pressemeldung","16":"tag-pressemitteilung","17":"tag-pressemitteilungen"},"share_on_mastodon":{"url":"https:\/\/pubeurope.com\/@de\/115264361999606013","error":""},"_links":{"self":[{"href":"https:\/\/www.europesays.com\/de\/wp-json\/wp\/v2\/posts\/449146","targetHints":{"allow":["GET"]}}],"collection":[{"href":"https:\/\/www.europesays.com\/de\/wp-json\/wp\/v2\/posts"}],"about":[{"href":"https:\/\/www.europesays.com\/de\/wp-json\/wp\/v2\/types\/post"}],"author":[{"embeddable":true,"href":"https:\/\/www.europesays.com\/de\/wp-json\/wp\/v2\/users\/2"}],"replies":[{"embeddable":true,"href":"https:\/\/www.europesays.com\/de\/wp-json\/wp\/v2\/comments?post=449146"}],"version-history":[{"count":0,"href":"https:\/\/www.europesays.com\/de\/wp-json\/wp\/v2\/posts\/449146\/revisions"}],"wp:featuredmedia":[{"embeddable":true,"href":"https:\/\/www.europesays.com\/de\/wp-json\/wp\/v2\/media\/449147"}],"wp:attachment":[{"href":"https:\/\/www.europesays.com\/de\/wp-json\/wp\/v2\/media?parent=449146"}],"wp:term":[{"taxonomy":"category","embeddable":true,"href":"https:\/\/www.europesays.com\/de\/wp-json\/wp\/v2\/categories?post=449146"},{"taxonomy":"post_tag","embeddable":true,"href":"https:\/\/www.europesays.com\/de\/wp-json\/wp\/v2\/tags?post=449146"}],"curies":[{"name":"wp","href":"https:\/\/api.w.org\/{rel}","templated":true}]}}