{"id":449321,"date":"2025-09-25T11:39:19","date_gmt":"2025-09-25T11:39:19","guid":{"rendered":"https:\/\/www.europesays.com\/de\/449321\/"},"modified":"2025-09-25T11:39:19","modified_gmt":"2025-09-25T11:39:19","slug":"charlie-sheen-packt-in-netflix-doku-aus-er-hatte-sex-mit-maennern-unterhaltung","status":"publish","type":"post","link":"https:\/\/www.europesays.com\/de\/449321\/","title":{"rendered":"Charlie Sheen packt in Netflix-Doku aus: Er hatte Sex mit M\u00e4nnern | Unterhaltung"},"content":{"rendered":"<p>Der Inhalt ist leider nicht mehr verf\u00fcgbar.<\/p>\n<p>Los Angeles \u2013 <b>In dieser Netflix-Doku bleibt nichts unausgesprochen! Charlie Sheen \u2013 einst Hollywoods bestbezahlter Sitcom-Star \u2013 st\u00fcrzte vom Glamour in den Abgrund. Jetzt rechnet er mit seiner wilden Vergangenheit ab. Er spricht \u00fcber Exzesse, Alkohol, Frauen, Drogen \u2013 und erstmals auch \u00fcber seine geheimen sexuellen Begegnungen mit M\u00e4nnern.<\/b><\/p>\n<p>\u201eIch werde nicht vor meiner Vergangenheit davonlaufen oder mich von ihr beherrschen lassen\u201c, sagt <a href=\"https:\/\/www.bild.de\/themen\/personen\/charlie-sheen\/kino-nachrichten-news-fotos-videos-15816746.bild.html\" class=\"text-link\" rel=\"nofollow noopener\" target=\"_blank\">Charlie Sheen<\/a> im Gespr\u00e4ch mit <a href=\"https:\/\/people.com\/charlie-sheen-opens-up-about-sexual-encounters-with-men-in-new-memoir-and-documentary-11801842\" target=\"_blank\" rel=\"nofollow noopener\" class=\"text-link--external text-link\">\u201ePeople\u201c<\/a>. Besonders der Moment, in dem er zum ersten Mal offen zugibt, Sex mit M\u00e4nnern gehabt zu haben, sei f\u00fcr ihn \u201ebefreiend\u201c gewesen.<\/p>\n<p><img decoding=\"async\" width=\"992\" height=\"558\" alt=\"Charlie Sheen packt gleich doppelt aus: Am 10. September ver\u00f6ffentlicht er eine Netflix-Doku und am 9. September seine Memoiren\" src=\"https:\/\/www.europesays.com\/de\/wp-content\/uploads\/2025\/09\/25984de81c62c1948ca4b7de64c2bedb,d0d1db50\"   class=\"landscape\" loading=\"lazy\"\/><\/p>\n<p class=\"fig__caption__text\">Charlie Sheen packt gleich doppelt aus: Am 10. September ver\u00f6ffentlicht er eine Netflix-Doku und am 9. September seine Memoiren<\/p>\n<p>Foto: Netflix<\/p>\n<p>Seine Aff\u00e4ren mit M\u00e4nnern begannen in der Crack-Sucht<\/p>\n<p>\u201eIch habe die Speisekarte umgedreht\u201c, erkl\u00e4rt Sheen in \u201ePeople\u201c \u00fcber seine Entscheidung, nach Jahren mit Frauen etwas Neues auszuprobieren. Seine Begegnungen mit M\u00e4nnern begannen nach eigenen Worten in der Zeit seiner Crack-Sucht. Anfang der 90er gingen die Drogenprobleme los.<\/p>\n<p>\u201eDas war der Ausl\u00f6ser, dort hat alles seinen Ursprung.\u201c In den Phasen, in denen er clean war, habe er versucht, sich damit auseinanderzusetzen. \u201eWoher kommt das? Warum ist das passiert?\u201c Am Ende, so Sheen, habe er sich gesagt: \u201eNa und? Manches war seltsam, vieles verdammt unterhaltsam \u2013 und das Leben geht weiter.\u201c<\/p>\n<p><img decoding=\"async\" width=\"992\" height=\"1471\" alt=\"In den 80ern war Sheen ein gefeierter Star, spielte u.a. in den Kino-Hits \u201eWall Street\u201c (1987), \u201ePlatoon\u201c (1986) und \u201eYoung Guns\u201c (1988) mit\" src=\"https:\/\/www.europesays.com\/de\/wp-content\/uploads\/2025\/09\/1d59fe3d16bbda68bbb40e0f4a4ff656,9a3dc5b8\"   class=\"dynamic\" loading=\"lazy\"\/><\/p>\n<p class=\"fig__caption__text\">In den 80ern war Sheen ein gefeierter Star, spielte u.a. in den Kino-Hits \u201eWall Street\u201c (1987), \u201ePlatoon\u201c (1986) und \u201eYoung Guns\u201c (1988) mit<\/p>\n<p>Foto: Twentieth Century Fox<\/p>\n<p>Mehr zum ThemaSexsucht und geheime Aff\u00e4ren<\/p>\n<p>Bereits 2015 sprach der \u201eTwo and a Half Men\u201c-Star im Zuge seines HIV-Outings offen \u00fcber seine dunkle Vergangenheit. W\u00e4hrend seiner Drogenexzesse infizierte er sich mit dem Virus und wollte dies zun\u00e4chst geheim halten. Doch einige seiner \u00dcbernachtungsg\u00e4ste entdeckten seine Medikamente, fotografierten sie und erpressten den Schauspieler. Anfangs zahlte Sheen, bevor er schlie\u00dflich in der \u201eToday Show\u201c seinen HIV-Status \u00f6ffentlich machte.<\/p>\n<p><img decoding=\"async\" width=\"992\" height=\"661\" alt=\"Ruhm und Rausch: Charlie Sheen (l.) mit TV-Bruder Jon Cryer (heute 60) am \u201eTwo and a Half Men\u201c-Set \u2013 w\u00e4hrend seine Drogensucht den H\u00f6hepunkt hatte\" src=\"https:\/\/www.europesays.com\/de\/wp-content\/uploads\/2025\/09\/26459ca73c5286468fb1af2f785add1f,9c7ab432\"   class=\"dynamic\" loading=\"lazy\"\/><\/p>\n<p class=\"fig__caption__text\">Ruhm und Rausch: Charlie Sheen (l.) mit TV-Bruder Jon Cryer (heute 60) am \u201eTwo and a Half Men\u201c-Set. Sheen wurde 2011 wegen seiner Drogen-Eskapaden aus der Serie rausgeschmissen<\/p>\n<p>Foto: CBS via Getty Images<\/p>\n<p>In Interviews, unter anderem bei \u201eGood Morning America\u201c, berichtete Sheen zudem von seiner Sexsucht, die untrennbar mit seinen Drogenexzessen und heimlichen Aff\u00e4ren verbunden war. Er gestand, auch Aff\u00e4ren mit M\u00e4nnern verschwiegen zu haben \u2013 aus Angst vor Erpressung.<\/p>\n<p>Jetzt, zehn Jahre sp\u00e4ter, geht Sheen in der neuen Netflix-Doku \u201eaka Charlie Sheen\u201c (ab 10. September) noch schonungsloser ins Detail. Er schildert, wie sehr ihn die Sucht in Kombination mit Crack in den Abgrund riss.<\/p>\n","protected":false},"excerpt":{"rendered":"Der Inhalt ist leider nicht mehr verf\u00fcgbar. Los Angeles \u2013 In dieser Netflix-Doku bleibt nichts unausgesprochen! Charlie Sheen&hellip;\n","protected":false},"author":2,"featured_media":449322,"comment_status":"","ping_status":"","sticky":false,"template":"","format":"standard","meta":{"footnotes":""},"categories":[1776],"tags":[1801,29,214,30,37832,683,2846,1802,935,70785,45,96682,215],"class_list":{"0":"post-449321","1":"post","2":"type-post","3":"status-publish","4":"format-standard","5":"has-post-thumbnail","7":"category-prominente","8":"tag-celebrities","9":"tag-deutschland","10":"tag-entertainment","11":"tag-germany","12":"tag-hiv","13":"tag-hollywood","14":"tag-netflix","15":"tag-prominente","16":"tag-schauspieler","17":"tag-sheen-charlie","18":"tag-texttospeech","19":"tag-two-and-a-half-men","20":"tag-unterhaltung"},"share_on_mastodon":{"url":"https:\/\/pubeurope.com\/@de\/115264747406146562","error":""},"_links":{"self":[{"href":"https:\/\/www.europesays.com\/de\/wp-json\/wp\/v2\/posts\/449321","targetHints":{"allow":["GET"]}}],"collection":[{"href":"https:\/\/www.europesays.com\/de\/wp-json\/wp\/v2\/posts"}],"about":[{"href":"https:\/\/www.europesays.com\/de\/wp-json\/wp\/v2\/types\/post"}],"author":[{"embeddable":true,"href":"https:\/\/www.europesays.com\/de\/wp-json\/wp\/v2\/users\/2"}],"replies":[{"embeddable":true,"href":"https:\/\/www.europesays.com\/de\/wp-json\/wp\/v2\/comments?post=449321"}],"version-history":[{"count":0,"href":"https:\/\/www.europesays.com\/de\/wp-json\/wp\/v2\/posts\/449321\/revisions"}],"wp:featuredmedia":[{"embeddable":true,"href":"https:\/\/www.europesays.com\/de\/wp-json\/wp\/v2\/media\/449322"}],"wp:attachment":[{"href":"https:\/\/www.europesays.com\/de\/wp-json\/wp\/v2\/media?parent=449321"}],"wp:term":[{"taxonomy":"category","embeddable":true,"href":"https:\/\/www.europesays.com\/de\/wp-json\/wp\/v2\/categories?post=449321"},{"taxonomy":"post_tag","embeddable":true,"href":"https:\/\/www.europesays.com\/de\/wp-json\/wp\/v2\/tags?post=449321"}],"curies":[{"name":"wp","href":"https:\/\/api.w.org\/{rel}","templated":true}]}}