{"id":450172,"date":"2025-09-25T19:37:29","date_gmt":"2025-09-25T19:37:29","guid":{"rendered":"https:\/\/www.europesays.com\/de\/450172\/"},"modified":"2025-09-25T19:37:29","modified_gmt":"2025-09-25T19:37:29","slug":"wie-viel-segen-darf-sein-papst-leo-enttaeuscht-reformkatholiken","status":"publish","type":"post","link":"https:\/\/www.europesays.com\/de\/450172\/","title":{"rendered":"Wie viel Segen darf sein? \u2013 Papst Leo entt\u00e4uscht Reformkatholiken"},"content":{"rendered":"<p class=\"text_ohne_einzug richtext text-em-55 !leading-serif mx-6 desktop:mx-0\">Reformorientierte Kr\u00e4fte unter D\u00fcsseldorfs Katholiken reagieren entt\u00e4uscht auf die j\u00fcngsten Aussagen von Papst Leo XIV. zur Segnung queerer Menschen sowie zu einer m\u00f6glichen Weihe von Frauen. In einem Interview hatte das Oberhaupt der katholischen Kirche unter anderem gesagt: \u201eNat\u00fcrlich k\u00f6nnen wir alle Menschen segnen.\u201c Allerdings suche das von seinem Vorg\u00e4nger Franziskus auf den Weg gebrachte Dokument \u201eFiducia supplicans\u201c nicht nach einem Weg, irgendeine Form des Segens zu ritualisieren, denn das entspreche nicht der Lehre der Kirche. Denn die Familie beruhe auf dem feierlichen Versprechen eines Mannes und einer Frau, das im Sakrament der Ehe gesegnet werde.<\/p>\n","protected":false},"excerpt":{"rendered":"Reformorientierte Kr\u00e4fte unter D\u00fcsseldorfs Katholiken reagieren entt\u00e4uscht auf die j\u00fcngsten Aussagen von Papst Leo XIV. zur Segnung queerer&hellip;\n","protected":false},"author":2,"featured_media":450173,"comment_status":"","ping_status":"","sticky":false,"template":"","format":"standard","meta":{"footnotes":""},"categories":[1831],"tags":[3364,29,3405,30,7006,7013,1209],"class_list":{"0":"post-450172","1":"post","2":"type-post","3":"status-publish","4":"format-standard","5":"has-post-thumbnail","7":"category-duesseldorf","8":"tag-de","9":"tag-deutschland","10":"tag-duesseldorf","11":"tag-germany","12":"tag-janssen","13":"tag-joerg","14":"tag-nordrhein-westfalen"},"share_on_mastodon":{"url":"https:\/\/pubeurope.com\/@de\/115266626923931217","error":""},"_links":{"self":[{"href":"https:\/\/www.europesays.com\/de\/wp-json\/wp\/v2\/posts\/450172","targetHints":{"allow":["GET"]}}],"collection":[{"href":"https:\/\/www.europesays.com\/de\/wp-json\/wp\/v2\/posts"}],"about":[{"href":"https:\/\/www.europesays.com\/de\/wp-json\/wp\/v2\/types\/post"}],"author":[{"embeddable":true,"href":"https:\/\/www.europesays.com\/de\/wp-json\/wp\/v2\/users\/2"}],"replies":[{"embeddable":true,"href":"https:\/\/www.europesays.com\/de\/wp-json\/wp\/v2\/comments?post=450172"}],"version-history":[{"count":0,"href":"https:\/\/www.europesays.com\/de\/wp-json\/wp\/v2\/posts\/450172\/revisions"}],"wp:featuredmedia":[{"embeddable":true,"href":"https:\/\/www.europesays.com\/de\/wp-json\/wp\/v2\/media\/450173"}],"wp:attachment":[{"href":"https:\/\/www.europesays.com\/de\/wp-json\/wp\/v2\/media?parent=450172"}],"wp:term":[{"taxonomy":"category","embeddable":true,"href":"https:\/\/www.europesays.com\/de\/wp-json\/wp\/v2\/categories?post=450172"},{"taxonomy":"post_tag","embeddable":true,"href":"https:\/\/www.europesays.com\/de\/wp-json\/wp\/v2\/tags?post=450172"}],"curies":[{"name":"wp","href":"https:\/\/api.w.org\/{rel}","templated":true}]}}