{"id":450366,"date":"2025-09-25T21:26:18","date_gmt":"2025-09-25T21:26:18","guid":{"rendered":"https:\/\/www.europesays.com\/de\/450366\/"},"modified":"2025-09-25T21:26:18","modified_gmt":"2025-09-25T21:26:18","slug":"diddy-humpelt-in-den-saal-gealtert-grau-im-haeftlingslook-letzter-befreiungsversuch-unterhaltung","status":"publish","type":"post","link":"https:\/\/www.europesays.com\/de\/450366\/","title":{"rendered":"Diddy humpelt in den Saal \u2013 gealtert, grau, im H\u00e4ftlingslook: Letzter Befreiungsversuch! | Unterhaltung"},"content":{"rendered":"<p>New York \u2013 <b>Fast drei Monate nach seiner Verurteilung erschien Rap-Mogul Sean \u201eDiddy\u201c Combs (55) am Donnerstag erstmals wieder vor Gericht \u2013 und ist kaum wiederzuerkennen. BILD war vor Ort im Saal Bundesgericht in Manhattan.<\/b><\/p>\n<p>Um 11.03 Uhr wurde <a href=\"https:\/\/www.bild.de\/unterhaltung\/leute\/sean-diddy-comps\/thema-sean-combs-alle-infos-t5zPii1aRAC0hsx0NkT0\" class=\"text-link\" rel=\"nofollow noopener\" target=\"_blank\">Diddy<\/a> von einem US-Marshall in den Gerichtssaal gebracht. Der einstige Hip-Hop-K\u00f6nig wirkte gezeichnet: sichtlich gealtert, grauer Vollbart, m\u00fcder Blick, langsamer, vorsichtiger Gang \u2013 er humpelte leicht, der Oberk\u00f6rper nach vorn gebeugt.<\/p>\n<p><img decoding=\"async\" width=\"992\" height=\"744\" alt=\"Als verurteilter Straft\u00e4ter darf Diddy keine Privatkleidung mehr tragen. Statt Designer-Pullover, die er w\u00e4hrend des Prozesses trug, steckt er jetzt in der beigefarbenen H\u00e4ftlings-Kluft des Metropolitan Detention Center\" src=\"https:\/\/www.europesays.com\/de\/wp-content\/uploads\/2025\/09\/01dae2e7d9f7b0ab804ef2065ad49284,d7412baa\"   class=\"dynamic\" loading=\"lazy\"\/><\/p>\n<p class=\"fig__caption__text\">Als verurteilter Straft\u00e4ter darf Diddy keine Privatkleidung mehr tragen. Statt Designer-Pullover, die er w\u00e4hrend des Prozesses trug, steckt er jetzt in der beigefarbenen H\u00e4ftlings-Kluft des Metropolitan Detention Center<\/p>\n<p>Foto: Jane Rosenberg\/REUTERS<\/p>\n<p>Diddys Familie sitzt ebenfalls im Saal<\/p>\n<p>Als er seine Familie in den Zuschauerreihen entdeckte, winkte er, l\u00e4chelte \u2013 dann umarmte er sein Anwaltsteam. Den Richter gr\u00fc\u00dfte er mit fester Stimme: \u201eGuten Morgen.\u201c W\u00e4hrenddessen startete seine Verteidigung den wohl letzten Befreiungsversuch: Mit einem Antrag auf Aufhebung des Urteils oder Neuverhandlung wollen sie das Verfahren noch kippen.<\/p>\n<p>Der Rapper war zwar von den schwerwiegenderen Anklagen freigesprochen worden, aber in zwei Punkten schuldig gesprochen: Verletzung des Mann Acts \u2013 also der Bef\u00f6rderung zur Prostitution. Ein Urteil, das ihn f\u00fcr Jahre hinter Gitter bringen kann.<\/p>\n<p><img decoding=\"async\" width=\"992\" height=\"661\" alt=\"Christian \u201eKing\u201c Combs (27) und seine Freundin verlassen das Gericht nach der Anh\u00f6rung. Der Sohn des Rappers macht ebenfalls Musik\" src=\"https:\/\/www.europesays.com\/de\/wp-content\/uploads\/2025\/09\/5569e21297b7f9fd75076d09a3132b45,ad528163\"   class=\"dynamic\" loading=\"lazy\"\/><\/p>\n<p class=\"fig__caption__text\">Christian \u201eKing\u201c Combs (27) und seine Freundin verlassen das Gericht nach der Anh\u00f6rung. Der Sohn des Rappers macht ebenfalls Musik<\/p>\n<p>Foto: AP<\/p>\n<p><img decoding=\"async\" width=\"992\" height=\"661\" alt=\"Auch die T\u00f6chter des gefallenen Rappers waren anwesend: Chance Combs (19, M) und die Zwillinge D'Lila Combs und Jessie Combs (18)\" src=\"https:\/\/www.europesays.com\/de\/wp-content\/uploads\/2025\/09\/a46e1594d035285bebc7d9f88a2b5ba2,be1ae1e4\"   class=\"dynamic\" loading=\"lazy\"\/><\/p>\n<p class=\"fig__caption__text\">Auch die T\u00f6chter des gefallenen Rappers waren anwesend: Chance Combs (19, M) und die Zwillinge D&#8217;Lila Combs und Jessie Combs (18)<\/p>\n<p>Foto: AP<\/p>\n<p>Anw\u00e4ltin Alexandra Shapiro <a href=\"https:\/\/www.bild.de\/unterhaltung\/stars-und-leute\/diddy-will-raus-aus-horror-knast-mord-direkt-ueber-seiner-zelle-68931a714684785761525e8e\" class=\"text-link\" rel=\"nofollow noopener\" target=\"_blank\">attackierte das Gesetz<\/a> scharf: \u201eEs ist unklar, warum dieses Verhalten im Jahr 2025 noch strafbar sein soll.\u201c Sie nannte den sogenannten \u201eMann-Act\u201c rassistisch, sexistisch &#8211; und eine Schande f\u00fcr die Vereinigten Staaten von Amerika.<\/p>\n<p>Mehr zum Thema<\/p>\n<p>Diddy sei kein Zuh\u00e4lter, sondern ein Konsument. Die ber\u00fcchtigten \u201eFreak-Offs\u201c habe er zwar organisiert und gefilmt, aber ausschlie\u00dflich f\u00fcr den privaten Gebrauch. \u201eEr war ein Konsument von Amateurpornografie\u201c, so Shapiro. Au\u00dferdem sei das Ganze durch das First Amendment \u2013 das Recht auf freie Meinungs\u00e4u\u00dferung \u2013 gesch\u00fctzt. <\/p>\n<p><img decoding=\"async\" width=\"992\" height=\"691\" alt=\"Diddy 2017 bei der ber\u00fchmten Met-Gala. Jahrzehnte wurde er in Hollywood gefeiert\" src=\"https:\/\/www.europesays.com\/de\/wp-content\/uploads\/2025\/09\/d98e77c6b3ab80dc72637e9a907fbc73,69bff6da\"   class=\"dynamic\" loading=\"lazy\"\/><\/p>\n<p class=\"fig__caption__text\">Diddy 2017 bei der ber\u00fchmten Met-Gala. Jahrzehnte wurde er in Hollywood gefeiert<\/p>\n<p>Foto: Lucas Jackson\/REUTERS<\/p>\n<p>Die Staatsanwaltschaft reagierte entsetzt: Diddy habe Frauen mit Drogen gef\u00fcgig gemacht, Gewalt angewendet und sie zu \u201eFreak-Offs\u201c und \u201eHotel Nights\u201c \u00fcber Staatsgrenzen gebracht. Das Recht auf freie Meinungs\u00e4u\u00dferung greife hier nicht. \u201eDer Mann Act verbietet den Transport zur Prostitution, nicht das Filmen von Sex\u201c, so Slavik.<\/p>\n<p>Diddy zeigt sich seiner Familie gegen\u00fcber hoffungsvoll<\/p>\n<p>Nach der Anh\u00f6rung konnte der gefallene Hip-Hop-Mogul noch kurz mit seiner Familie sprechen. Er warf seiner Mutter Janice einen liebevollen Blick zu und sagte: \u201eDu siehst sch\u00f6n aus, Mama.\u201c Beim Abschied winkte er und versicherte: \u201eBleibt dem\u00fctig, Gott segne euch. Ich liebe euch alle. Jede Minute, jeder Tag bringt mich meiner R\u00fcckkehr n\u00e4her. Macht euch keine Sorgen.\u201c Danach wurde er vom US-Marshall aus dem Saal gef\u00fchrt.<\/p>\n<p><img decoding=\"async\" width=\"992\" height=\"661\" alt=\"Diddys Mutter Janice (84) erschien zu fast jedem Prozesstag, um ihren Sohn zu unterst\u00fctzen\" src=\"https:\/\/www.europesays.com\/de\/wp-content\/uploads\/2025\/09\/c842a7a6e5a95cbf0d587753749179e2,88c0748c\"   class=\"dynamic\" loading=\"lazy\"\/><\/p>\n<p class=\"fig__caption__text\">Diddys Mutter Janice (84) erschien zu fast jedem Prozesstag, um ihren Sohn zu unterst\u00fctzen<\/p>\n<p>Foto: AP<\/p>\n<p>Richter Subramanian f\u00e4llte am Donnerstag keine Entscheidung \u2013 die <a href=\"https:\/\/www.bild.de\/unterhaltung\/stars-und-leute\/sean-diddy-combs-bleibt-in-haft-richter-lehnt-mega-kaution-ab-68912cde5bfd36554e9e741b\" class=\"text-link\" rel=\"nofollow noopener\" target=\"_blank\">Chancen auf eine Aufhebung des Urteils<\/a> gelten als \u00e4u\u00dferst gering. Eine Aufhebung ist juristisch nur unter sehr hohen H\u00fcrden m\u00f6glich. Die Strafma\u00df-Verk\u00fcndung ist weiterhin f\u00fcr den 3. Oktober angesetzt. <\/p>\n","protected":false},"excerpt":{"rendered":"New York \u2013 Fast drei Monate nach seiner Verurteilung erschien Rap-Mogul Sean \u201eDiddy\u201c Combs (55) am Donnerstag erstmals&hellip;\n","protected":false},"author":2,"featured_media":450367,"comment_status":"","ping_status":"","sticky":false,"template":"","format":"standard","meta":{"footnotes":"","_share_on_mastodon":"0"},"categories":[1772],"tags":[29,27875,214,30,1779,810,981,27876,2138,1306,45,215],"class_list":["post-450366","post","type-post","status-publish","format-standard","has-post-thumbnail","category-musik","tag-deutschland","tag-diddy-p","tag-entertainment","tag-germany","tag-music","tag-musik","tag-mutter","tag-p-diddy","tag-rap","tag-rapper","tag-texttospeech","tag-unterhaltung"],"share_on_mastodon":{"url":"https:\/\/pubeurope.com\/@de\/115267056355696276","error":""},"_links":{"self":[{"href":"https:\/\/www.europesays.com\/de\/wp-json\/wp\/v2\/posts\/450366","targetHints":{"allow":["GET"]}}],"collection":[{"href":"https:\/\/www.europesays.com\/de\/wp-json\/wp\/v2\/posts"}],"about":[{"href":"https:\/\/www.europesays.com\/de\/wp-json\/wp\/v2\/types\/post"}],"author":[{"embeddable":true,"href":"https:\/\/www.europesays.com\/de\/wp-json\/wp\/v2\/users\/2"}],"replies":[{"embeddable":true,"href":"https:\/\/www.europesays.com\/de\/wp-json\/wp\/v2\/comments?post=450366"}],"version-history":[{"count":0,"href":"https:\/\/www.europesays.com\/de\/wp-json\/wp\/v2\/posts\/450366\/revisions"}],"wp:featuredmedia":[{"embeddable":true,"href":"https:\/\/www.europesays.com\/de\/wp-json\/wp\/v2\/media\/450367"}],"wp:attachment":[{"href":"https:\/\/www.europesays.com\/de\/wp-json\/wp\/v2\/media?parent=450366"}],"wp:term":[{"taxonomy":"category","embeddable":true,"href":"https:\/\/www.europesays.com\/de\/wp-json\/wp\/v2\/categories?post=450366"},{"taxonomy":"post_tag","embeddable":true,"href":"https:\/\/www.europesays.com\/de\/wp-json\/wp\/v2\/tags?post=450366"}],"curies":[{"name":"wp","href":"https:\/\/api.w.org\/{rel}","templated":true}]}}