{"id":450383,"date":"2025-09-25T21:35:13","date_gmt":"2025-09-25T21:35:13","guid":{"rendered":"https:\/\/www.europesays.com\/de\/450383\/"},"modified":"2025-09-25T21:35:13","modified_gmt":"2025-09-25T21:35:13","slug":"tedesco-steht-bei-fenerbahce-wohl-vor-dem-aus-sport","status":"publish","type":"post","link":"https:\/\/www.europesays.com\/de\/450383\/","title":{"rendered":"Tedesco steht bei Fenerbahce wohl vor dem Aus | Sport"},"content":{"rendered":"<p><b>War es das schon mit <\/b><a href=\"https:\/\/sport.bild.de\/fussball\/te735\/fenerbahce\/spiele-und-ergebnisse\/\" rel=\"noopener\" class=\"text-link--external text-link\" target=\"_blank\"><b>Fenerbahce<\/b><\/a><b> und dem deutsch-italienischen Trainer?<\/b><\/p>\n<p>Erst vor knapp 3 Wochen wurde <a href=\"https:\/\/www.bild.de\/sport\/fussball\/domenico-tedesco-wird-mourinho-nachfolger-68c040b9784ebe32609e16fd\" class=\"text-link\" target=\"_blank\" rel=\"noopener\">Domenico Tedesco (40)<\/a> neuer Chefcoach beim t\u00fcrkischen Vizemeister, l\u00f6ste dort Jos\u00e9 Mourinho (62) ab und unterschreibt einen Zweijahresvertrag. Tedesco war seit Anfang des Jahres ohne Job, nachdem er seinen Posten als belgischer Nationaltrainer nach nur 24 Spielen und einer Pleiten-Serie r\u00e4umen musste.<\/p>\n<p><b>Jetzt droht wom\u00f6glich das n\u00e4chste Aus!<\/b><\/p>\n<p>Beim Tedesco-Deb\u00fct jubelte man noch \u00fcber einen 1:0-Sieg gegen Trabzonspor. Nach zwei Unentschieden in der S\u00fcper Lig gegen Alanyaspor (2:2) und Kasimpasa (1:1) dann die Europa-League-Niederlage gegen Dinamo Zagreb (1:3) am Mittwochabend! Fakt ist: F\u00fcr den ambitionierten Klub ist das zu wenig. <\/p>\n<p>Mehr zum Thema<\/p>\n<p>Am Sonntag steht die Partie gegen Antalyaspor (19 Uhr) an \u2013 laut der Tageszeitung \u201eSabah\u201c k\u00f6nnte das bereits das Endspiel f\u00fcr Tedesco sein. Denn: Fenerbahce hat mit Sadettin Saran einen neuen Pr\u00e4sidenten \u2013 Vorg\u00e4nger Ali Ko\u00e7 Tedesco, der Tedesco geholt hatte, hat nichts mehr zu sagen. <\/p>\n<p><b>Nach der Klatsche gegen Zagreb hatte sich der Ex-Bundesliga-Coach noch optimistisch gezeigt. Tedesco: \u201eWir m\u00fcssen sehen, wo wir herkommen. Die letzten Spiele waren echt nicht gut. Auch wenn wir heute verloren haben und das wehtut: Als Trainer d\u00fcrfen wir nicht immer nur auf das Ergebnis schauen.\u201c<\/b><\/p>\n<p>Und weiter: \u201eEs war in vielen Bereichen ein Schritt nach vorne. Wir hatten mehr Spielkontrolle als in den letzten Spielen. Wir haben nicht so viele Konter nach Ballverlusten zugelassen, wir haben nicht so viele B\u00e4lle verloren. Unser Pressing, unsere Intensit\u00e4t war wirklich gut.\u201c<\/p>\n<p>Pikante Aussagen: Ist Wagner der Grund f\u00fcr die DFB-Misere?<a class=\"anchor video-teaser__anchor\" href=\"https:\/\/www.bild.de\/sport\/fussball\/pikante-aussagen-ist-wagner-der-grund-fuer-die-dfb-misere-68d3eae6d038d71e5261264f\" target=\"_blank\" rel=\"noopener\"><img decoding=\"async\" width=\"992\" height=\"558\" alt=\"Teaser-Bild\" src=\"https:\/\/www.europesays.com\/de\/wp-content\/uploads\/2025\/09\/3b309c0be7cd1e915acac4a91258403f-landscape,76c1cead\"   class=\"landscape teaser__image\" loading=\"lazy\"\/><\/a><\/p>\n<p>Quelle: Instagram, BILD25.09.2025<\/p>\n<p><b>Doch es soll bereits Zweifel geben &#8230;<\/b><\/p>\n<p>Tedesco ist in Deutschland vor allem aus seinen Amtszeiten bei Schalke (2017 bis 2019) und in Leipzig (2021 bis 2022) bekannt. Die K\u00f6nigsblauen f\u00fchrte er 2018 sensationell zur Vizemeisterschaft.<\/p>\n","protected":false},"excerpt":{"rendered":"War es das schon mit Fenerbahce und dem deutsch-italienischen Trainer? Erst vor knapp 3 Wochen wurde Domenico Tedesco&hellip;\n","protected":false},"author":2,"featured_media":450384,"comment_status":"","ping_status":"","sticky":false,"template":"","format":"standard","meta":{"footnotes":""},"categories":[5],"tags":[1263,538,18391,347,13,14,15,12,10778,45,10,8,9,11,1261,5843],"class_list":{"0":"post-450383","1":"post","2":"type-post","3":"status-publish","4":"format-standard","5":"has-post-thumbnail","7":"category-nachrichten","8":"tag-aufmacher-bereich","9":"tag-erste-bundesliga","10":"tag-fc-schalke","11":"tag-fussball","12":"tag-headlines","13":"tag-nachrichten","14":"tag-news","15":"tag-schlagzeilen","16":"tag-tedesco-domenico","17":"tag-texttospeech","18":"tag-top-news","19":"tag-top-meldungen","20":"tag-topmeldungen","21":"tag-topnews","22":"tag-toralarm-top-news","23":"tag-trainer"},"share_on_mastodon":{"url":"https:\/\/pubeurope.com\/@de\/115267090797762300","error":""},"_links":{"self":[{"href":"https:\/\/www.europesays.com\/de\/wp-json\/wp\/v2\/posts\/450383","targetHints":{"allow":["GET"]}}],"collection":[{"href":"https:\/\/www.europesays.com\/de\/wp-json\/wp\/v2\/posts"}],"about":[{"href":"https:\/\/www.europesays.com\/de\/wp-json\/wp\/v2\/types\/post"}],"author":[{"embeddable":true,"href":"https:\/\/www.europesays.com\/de\/wp-json\/wp\/v2\/users\/2"}],"replies":[{"embeddable":true,"href":"https:\/\/www.europesays.com\/de\/wp-json\/wp\/v2\/comments?post=450383"}],"version-history":[{"count":0,"href":"https:\/\/www.europesays.com\/de\/wp-json\/wp\/v2\/posts\/450383\/revisions"}],"wp:featuredmedia":[{"embeddable":true,"href":"https:\/\/www.europesays.com\/de\/wp-json\/wp\/v2\/media\/450384"}],"wp:attachment":[{"href":"https:\/\/www.europesays.com\/de\/wp-json\/wp\/v2\/media?parent=450383"}],"wp:term":[{"taxonomy":"category","embeddable":true,"href":"https:\/\/www.europesays.com\/de\/wp-json\/wp\/v2\/categories?post=450383"},{"taxonomy":"post_tag","embeddable":true,"href":"https:\/\/www.europesays.com\/de\/wp-json\/wp\/v2\/tags?post=450383"}],"curies":[{"name":"wp","href":"https:\/\/api.w.org\/{rel}","templated":true}]}}