{"id":450471,"date":"2025-09-25T22:28:13","date_gmt":"2025-09-25T22:28:13","guid":{"rendered":"https:\/\/www.europesays.com\/de\/450471\/"},"modified":"2025-09-25T22:28:13","modified_gmt":"2025-09-25T22:28:13","slug":"aquazoo-schliesst-am-1-oktober-2025-frueher","status":"publish","type":"post","link":"https:\/\/www.europesays.com\/de\/450471\/","title":{"rendered":"Aquazoo schlie\u00dft am 1. Oktober 2025 fr\u00fcher"},"content":{"rendered":"<p>Das Aquazoo L\u00f6bbecke Museum schlie\u00dft am Mittwoch, 1. Oktober 2025, aufgrund einer Veranstaltung bereits um 14 Uhr. Ab Donnerstag, 2. Oktober, gelten wieder die regul\u00e4ren \u00d6ffnungszeiten.<\/p>\n<p>Das Aquazoo L\u00f6bbecke Museum, Kaiserswerther Stra\u00dfe 380, hat regul\u00e4r montags bis sonntags von 10 bis 18 Uhr ge\u00f6ffnet. Der Eintritt kostet f\u00fcr Erwachsene 10 Euro, erm\u00e4\u00dfigt 5,50 Euro. Kinder bis sechs Jahre erhalten freien Eintritt.<\/p>\n","protected":false},"excerpt":{"rendered":"Das Aquazoo L\u00f6bbecke Museum schlie\u00dft am Mittwoch, 1. Oktober 2025, aufgrund einer Veranstaltung bereits um 14 Uhr. Ab&hellip;\n","protected":false},"author":2,"featured_media":3624,"comment_status":"","ping_status":"","sticky":false,"template":"","format":"standard","meta":{"footnotes":""},"categories":[1831],"tags":[3364,29,3405,30,1209],"class_list":{"0":"post-450471","1":"post","2":"type-post","3":"status-publish","4":"format-standard","5":"has-post-thumbnail","7":"category-duesseldorf","8":"tag-de","9":"tag-deutschland","10":"tag-duesseldorf","11":"tag-germany","12":"tag-nordrhein-westfalen"},"share_on_mastodon":{"url":"https:\/\/pubeurope.com\/@de\/115267299350845819","error":""},"_links":{"self":[{"href":"https:\/\/www.europesays.com\/de\/wp-json\/wp\/v2\/posts\/450471","targetHints":{"allow":["GET"]}}],"collection":[{"href":"https:\/\/www.europesays.com\/de\/wp-json\/wp\/v2\/posts"}],"about":[{"href":"https:\/\/www.europesays.com\/de\/wp-json\/wp\/v2\/types\/post"}],"author":[{"embeddable":true,"href":"https:\/\/www.europesays.com\/de\/wp-json\/wp\/v2\/users\/2"}],"replies":[{"embeddable":true,"href":"https:\/\/www.europesays.com\/de\/wp-json\/wp\/v2\/comments?post=450471"}],"version-history":[{"count":0,"href":"https:\/\/www.europesays.com\/de\/wp-json\/wp\/v2\/posts\/450471\/revisions"}],"wp:featuredmedia":[{"embeddable":true,"href":"https:\/\/www.europesays.com\/de\/wp-json\/wp\/v2\/media\/3624"}],"wp:attachment":[{"href":"https:\/\/www.europesays.com\/de\/wp-json\/wp\/v2\/media?parent=450471"}],"wp:term":[{"taxonomy":"category","embeddable":true,"href":"https:\/\/www.europesays.com\/de\/wp-json\/wp\/v2\/categories?post=450471"},{"taxonomy":"post_tag","embeddable":true,"href":"https:\/\/www.europesays.com\/de\/wp-json\/wp\/v2\/tags?post=450471"}],"curies":[{"name":"wp","href":"https:\/\/api.w.org\/{rel}","templated":true}]}}