{"id":450578,"date":"2025-09-25T23:29:18","date_gmt":"2025-09-25T23:29:18","guid":{"rendered":"https:\/\/www.europesays.com\/de\/450578\/"},"modified":"2025-09-25T23:29:18","modified_gmt":"2025-09-25T23:29:18","slug":"verschiedene-gladbach-systeme-so-will-polanski-frankfurt-ueberraschen-sport","status":"publish","type":"post","link":"https:\/\/www.europesays.com\/de\/450578\/","title":{"rendered":"Verschiedene Gladbach-Systeme: So will Polanski Frankfurt \u00fcberraschen | Sport"},"content":{"rendered":"<p><b>Dreierkette, Viererkette, F\u00fcnferkette? Pl\u00f6tzlich ist in <\/b><a href=\"https:\/\/www.bild.de\/sport\/fussball\/auf-dem-weg-zur-dauerloesung-gladbach-fans-entscheiden-ueber-polanski-68d42c036199625f8c0fc0e8\" class=\"text-link\" target=\"_blank\" rel=\"noopener\"><b>Gladbach<\/b><\/a><b> wieder alles m\u00f6glich!<\/b><\/p>\n<p>Eugen Polanski (39) hat bei seinem Cheftrainer-Deb\u00fct in Leverkusen (1:1) die immergleiche 4-2-3-1-Taktik von Gerardo Seoane (46) gekippt, lie\u00df zu Beginn drei Mann in der hintersten Linie verteidigen, doch schon im Verlauf des Spiels gab es mehrere Anpassungen.<\/p>\n<p>Auch interessant<\/p>\n<p>Anzeige<\/p>\n<p>Auch interessant<\/p>\n<p>Anzeige<\/p>\n<p>So soll das auch am Samstagabend (18.30 Uhr\/Sky) im Top-Spiel gegen Eintracht Frankfurt weitergehen &#8211; damit der Champions-League-Spitzenreiter (5:1 gegen Galatasaray) den VfL nicht ausrechnen kann!<\/p>\n<p>Polanski auf BILD-Nachfrage: \u201eVor drei Jahren als U23-Coach h\u00e4tte ich darauf noch geantwortet, dass mein Team 27 Formationen draufhaben soll, aber das hat sich recht schnell relativiert. Zwei Grundsysteme beherrschen k\u00f6nnen, die aber in richtig gut &#8211; das ist f\u00fcr mich absolut in Ordnung. Aber wenn die Partie einmal l\u00e4uft, wird es da immer Anpassungen geben. Wenn man da ein Standbild nimmt, wird man nicht immer die klare Formation erkennen. Mir geht es eher darum, dass wir aufeinander zu achten und R\u00e4ume zu bespielen, die sich pl\u00f6tzlich auftun. Es geht darum, die Tiefe reinzubekommen mit klaren Prinzipien.\u201c<\/p>\n<p><b>Die hei\u00dfen bei Polanski: Kein langes Quergeschiebe nach Balleroberungen, dem Gegner keine Zeit schenken, sich wieder zu formieren. Kurze Wege bis zum Abschluss!<\/b><\/p>\n<p>Mehr zum Thema<\/p>\n<p><b>Der Coach gibt zu: \u201eGegen\u00fcber unserem Auftritt in Leverkusen darf vor allem das Spiel mit Ball noch deutlich besser werden. Das haben wir in dieser Trainingswoche im Video vorgef\u00fchrt und auf dem Platz auch schon gut umgesetzt.\u201c<\/b><\/p>\n<p>Den Lernfortschritt soll jetzt die Eintracht zu sp\u00fcren bekommen, doch Polanski warnt: \u201eDie Frankfurter sind f\u00fcr mich eine der besten Mannschaften in Deutschland, sie haben sich auch in Europa etabliert. Sie haben extremes Tempo, klare Abl\u00e4ufe und eine hohe spielerische Qualit\u00e4t. Da wartet ein richtiges Brett auf uns.\u201c<\/p>\n<p><b>Polanskis Plan, um das Brett zu durchbohren: \u201e100 Prozent Leidenschaft, Laufbereitschaft, die Basics auf den Platz bringen und mutig mit Ball agieren. Dann den Funken auf unsere Fans \u00fcberspringen lassen.\u201c Und dazu Systeme, die der Gegner nicht so leicht durchschaut!<\/b><\/p>\n","protected":false},"excerpt":{"rendered":"Dreierkette, Viererkette, F\u00fcnferkette? Pl\u00f6tzlich ist in Gladbach wieder alles m\u00f6glich! Eugen Polanski (39) hat bei seinem Cheftrainer-Deb\u00fct in&hellip;\n","protected":false},"author":2,"featured_media":450579,"comment_status":"","ping_status":"","sticky":false,"template":"","format":"standard","meta":{"footnotes":""},"categories":[5],"tags":[331,332,815,3364,29,460,538,347,30,13,14,15,100524,12,819,45],"class_list":{"0":"post-450578","1":"post","2":"type-post","3":"status-publish","4":"format-standard","5":"has-post-thumbnail","7":"category-nachrichten","8":"tag-aktuelle-nachrichten","9":"tag-aktuelle-news","10":"tag-borussia-moenchengladbach","11":"tag-de","12":"tag-deutschland","13":"tag-eintracht-frankfurt","14":"tag-erste-bundesliga","15":"tag-fussball","16":"tag-germany","17":"tag-headlines","18":"tag-nachrichten","19":"tag-news","20":"tag-polanski-eugen","21":"tag-schlagzeilen","22":"tag-sport-leuchtturm-essen","23":"tag-texttospeech"},"share_on_mastodon":{"url":"https:\/\/pubeurope.com\/@de\/115267539434335463","error":""},"_links":{"self":[{"href":"https:\/\/www.europesays.com\/de\/wp-json\/wp\/v2\/posts\/450578","targetHints":{"allow":["GET"]}}],"collection":[{"href":"https:\/\/www.europesays.com\/de\/wp-json\/wp\/v2\/posts"}],"about":[{"href":"https:\/\/www.europesays.com\/de\/wp-json\/wp\/v2\/types\/post"}],"author":[{"embeddable":true,"href":"https:\/\/www.europesays.com\/de\/wp-json\/wp\/v2\/users\/2"}],"replies":[{"embeddable":true,"href":"https:\/\/www.europesays.com\/de\/wp-json\/wp\/v2\/comments?post=450578"}],"version-history":[{"count":0,"href":"https:\/\/www.europesays.com\/de\/wp-json\/wp\/v2\/posts\/450578\/revisions"}],"wp:featuredmedia":[{"embeddable":true,"href":"https:\/\/www.europesays.com\/de\/wp-json\/wp\/v2\/media\/450579"}],"wp:attachment":[{"href":"https:\/\/www.europesays.com\/de\/wp-json\/wp\/v2\/media?parent=450578"}],"wp:term":[{"taxonomy":"category","embeddable":true,"href":"https:\/\/www.europesays.com\/de\/wp-json\/wp\/v2\/categories?post=450578"},{"taxonomy":"post_tag","embeddable":true,"href":"https:\/\/www.europesays.com\/de\/wp-json\/wp\/v2\/tags?post=450578"}],"curies":[{"name":"wp","href":"https:\/\/api.w.org\/{rel}","templated":true}]}}