{"id":450619,"date":"2025-09-25T23:53:12","date_gmt":"2025-09-25T23:53:12","guid":{"rendered":"https:\/\/www.europesays.com\/de\/450619\/"},"modified":"2025-09-25T23:53:12","modified_gmt":"2025-09-25T23:53:12","slug":"autofahrer-warten-40-minuten-werden-massiv-angegangen-stau-in-esslinger-tiefgarage-sorgt-fuer-frust-esslingen","status":"publish","type":"post","link":"https:\/\/www.europesays.com\/de\/450619\/","title":{"rendered":"Autofahrer warten 40 Minuten: \u201eWerden massiv angegangen\u201c: Stau in Esslinger Tiefgarage sorgt f\u00fcr Frust &#8211; Esslingen"},"content":{"rendered":"<p>\t\t\t\t\t\t\t\t\t\t\t\t\t\t\t\t\t\t\t\t\t\t\t\t\t\t\t\t\t\t\t\t\t\t\t\t   \t\t\t\t\t \t\t\t\t   \t      \t\t\t\t   <img decoding=\"async\" id=\"article-image\" fetchpriority=\"high\" alt=\"Autofahrer warten 40 Minuten: \u201eWerden massiv angegangen\u201c: Stau in Esslinger Tiefgarage sorgt f\u00fcr Frust\" title=\"Autofahrer warten 40 Minuten: \u201eWerden massiv angegangen\u201c: Stau in Esslinger Tiefgarage sorgt f\u00fcr Frust\" src=\"https:\/\/www.europesays.com\/de\/wp-content\/uploads\/2025\/09\/media.media.ad9c1ffb-d4aa-423b-868a-651a88fbd2ca.original700.jpg\" data-linkto=\"https:\/\/www.esslinger-zeitung.de\/javascript:void(0);\"\/>\t\t\t\t\t\t\t\t\t\t\t\t\t\t\t\t\t\t\t\t\t\t\t\tAn der Tiefgaragenausfahrt in der Martinstra\u00dfe gibt derzeit oft Wartezeiten.\u00a0Foto: privat\t\t\t<\/p>\n<p>Autofahrer beschweren sich \u00fcber lange Wartezeiten beim Ausfahren aus der Tiefgarage des Esslinger Einkaufscenters \u201eES\u201c. Wo liegt das Problem?<\/p>\n<p>Das Ticket ist bezahlt. In den meisten Parkh\u00e4usern bleiben den Autofahrern ab dann 15 bis 20 Minuten zum Ausfahren. In der Regel reicht diese Spanne locker aus. In der <a href=\"https:\/\/www.esslinger-zeitung.de\/thema\/Tiefgarage\" title=\"Tiefgarage\" class=\"art_thema\" target=\"_blank\" rel=\"noopener\">Tiefgarage<\/a> des Esslinger Einkaufszentrums \u201eES\u201c ist das seit einigen Tagen jedoch h\u00e4ufig nicht der Fall. Zuletzt konnte es hier manchmal doppelt so lange dauern, bis man wieder drau\u00dfen war. Vor allem zu den Sto\u00dfzeiten am sp\u00e4ten Nachmittag bilden sich immer wieder lange Schlangen an der Ausfahrtsschranke. Und auf der Parkfl\u00e4che der zweigeschossigen Garage wird rangiert, weil jeder versucht, sich irgendwie in die Reihe der Wartenden einzuf\u00e4deln. <\/p>\n<p>Das Unverst\u00e4ndnis der Autofahrer, die sich eingesperrt f\u00fchlen und einfach nur schnell wieder rausfahren wollen, ist gro\u00df. Weil die Motoren der wartenden Autos meistens weiterlaufen, herrscht im <a href=\"https:\/\/www.esslinger-zeitung.de\/thema\/Parkhaus\" title=\"Parkhaus\" class=\"art_thema\" target=\"_blank\" rel=\"noopener\">Parkhaus<\/a> mitunter nicht nur im \u00fcbertragenen Sinn dicke Luft. \u201eEs stinkt nach Abgasen und man kann kaum atmen\u201c, berichtet eine Kundin. Sie findet es unverantwortlich, Menschen in eine solche Situation zu bringen.<\/p>\n<p> Warum gibt es in der Tiefgarage des \u201eES\u201c Stau? <\/p>\n<p>Nicht nur das Servicepersonal vor Ort bekommt den \u00c4rger zu sp\u00fcren. Auch beim P\u00e4chter B+B Parkhaus gehen Beschwerden ein. \u201eWir werden massiv angegangen\u201c, sagt Bernhard Schultz, Bezirksleiter von B+B in Stuttgart. \u00c4ndern kann sein Unternehmen an der Situation allerdings nichts, denn aus seiner Sicht f\u00fchrt eine Ampelst\u00f6rung kurz nach der Ausfahrt an der Ecke Martinstra\u00dfe\/Berliner Stra\u00dfe zu den Behinderungen. Wenn es sich dort wegen h\u00e4ufiger Rotphasen staut, k\u00f6nnten keine oder nur wenige Autos aus der Tiefgarage fahren. <\/p>\n<p>Die Ampeln, an der es eine Links- und eine Rechtsabbiegespur gibt, reagieren nicht automatisch auf ein erh\u00f6htes Verkehrsaufkommen, denn es gibt keine funktionierende Kontaktschleife, so beschreibt Bernhard Schultz die Situation. Ein entsprechendes Kabel sei bei Bauarbeiten f\u00fcr das vor gut zwei Jahren er\u00f6ffnete Einkaufscenter QBus, wo auch die Ausfahrt der ES-Tiefgarage liegt, besch\u00e4digt worden. <\/p>\n<p>Da die R\u00fcckkopplung nicht in Takt ist, muss die Ampelschaltung von der Stadt manuell an das Verkehrsaufkommen angepasst werden, so Stephan Post, Centermanager des ES-Centers. Dies geschehe etwa w\u00e4hrend des Weihnachtsgesch\u00e4fts. Anlass f\u00fcr die aktuellen Probleme ist wohl auch eine <a href=\"https:\/\/www.esslinger-zeitung.de\/thema\/Baustelle\" title=\"Baustelle\" class=\"art_thema\" target=\"_blank\" rel=\"noopener\">Baustelle<\/a> an der Kollwitzstra\u00dfe. Die Stadt habe die Ampeln auf die daraus resultierenden Verkehrsstr\u00f6me nicht angepasst. Bernhard Schultz f\u00fcgt hinzu, dass das Parkhaus zudem st\u00e4rker frequentiert wird, seitdem der fr\u00fchere Karstadt-Parkplatz wegen der Bauarbeiten nicht mehr zur Verf\u00fcgung steht. Zudem ist das Parkhaus Pliensauturm derzeit wegen Sanierung geschlossen.<\/p>\n<p>Stadt <a href=\"https:\/\/www.esslinger-zeitung.de\/thema\/Esslingen\" title=\"Esslingen\" class=\"art_thema\" target=\"_blank\" rel=\"noopener\">Esslingen<\/a> pr\u00fcft Ampelst\u00f6rung an Berliner Stra\u00dfe <\/p>\n<p>Die Stadt Esslingen ist unterdessen \u00fcber die St\u00f6rung informiert. \u201eWir werden die dortigen Ampeln und die dazugeh\u00f6rige Schaltung schnellstm\u00f6glich \u00fcberpr\u00fcfen und bei Bedarf m\u00f6gliche Fehler beheben\u201c, best\u00e4tigte ein Sprecher auf Anfrage. <a href=\"https:\/\/www.esslinger-zeitung.de\/inhalt.berliner-strasse-in-esslingen-warten-bis-es-gruen-wird-sind-zwei-minuten-zu-lang.0c6bff79-f8a9-4109-8691-f77a4cc777d9.html\" target=\"_blank\" rel=\"noopener\">Die Ampelschaltung um die Berliner Stra\u00dfe sorgte in der Vergangenheit schon h\u00e4ufiger f\u00fcr Diskussionen. <\/a>So kritisieren Fu\u00dfg\u00e4nger beispielsweise immer wieder, dass sie unverh\u00e4ltnism\u00e4\u00dfig lange warten m\u00fcssen. <\/p>\n<p>Bernhard Schultz kann den aktuellen Frust der Autofahrer gut nachvollziehen. \u201eDas ist kein tragbarer Zustand. Aber das Problem wurde von au\u00dfen geschaffen\u201c, sagt er und wirbt damit um Verst\u00e4ndnis. Die Mitarbeiter vor Ort k\u00f6nnen lediglich die Karenzzeit erh\u00f6hen, sodass die wartenden Autofahrer nicht auch noch nachzahlen m\u00fcssen, wenn sie endlich an der Schranke angekommen sind. Eine Gefahr f\u00fcr die Gesundheit besteht in der ES-Tiefgarage indes nicht, betont Schultz. \u201eDie Abgaswerte werden nicht \u00fcberschritten. Es wird Frischluft zugef\u00fchrt und Abluft abgef\u00fchrt\u201c, beruhigt er. <\/p>\n","protected":false},"excerpt":{"rendered":"An der Tiefgaragenausfahrt in der Martinstra\u00dfe gibt derzeit oft Wartezeiten.\u00a0Foto: privat Autofahrer beschweren sich \u00fcber lange Wartezeiten beim&hellip;\n","protected":false},"author":2,"featured_media":450620,"comment_status":"","ping_status":"","sticky":false,"template":"","format":"standard","meta":{"footnotes":""},"categories":[1830],"tags":[9047,513,2069,1634,3364,29,21901,3439,30,100985,4849,22165,634,1441,6594],"class_list":{"0":"post-450619","1":"post","2":"type-post","3":"status-publish","4":"format-standard","5":"has-post-thumbnail","7":"category-stuttgart","8":"tag-ampel","9":"tag-auto","10":"tag-autoverkehr","11":"tag-baden-wuerttemberg","12":"tag-de","13":"tag-deutschland","14":"tag-es","15":"tag-esslingen","16":"tag-germany","17":"tag-mobilitaetskonzepte","18":"tag-parken","19":"tag-parkhaus","20":"tag-strassenverkehr","21":"tag-stuttgart","22":"tag-tiefgarage"},"share_on_mastodon":{"url":"https:\/\/pubeurope.com\/@de\/115267633392106598","error":""},"_links":{"self":[{"href":"https:\/\/www.europesays.com\/de\/wp-json\/wp\/v2\/posts\/450619","targetHints":{"allow":["GET"]}}],"collection":[{"href":"https:\/\/www.europesays.com\/de\/wp-json\/wp\/v2\/posts"}],"about":[{"href":"https:\/\/www.europesays.com\/de\/wp-json\/wp\/v2\/types\/post"}],"author":[{"embeddable":true,"href":"https:\/\/www.europesays.com\/de\/wp-json\/wp\/v2\/users\/2"}],"replies":[{"embeddable":true,"href":"https:\/\/www.europesays.com\/de\/wp-json\/wp\/v2\/comments?post=450619"}],"version-history":[{"count":0,"href":"https:\/\/www.europesays.com\/de\/wp-json\/wp\/v2\/posts\/450619\/revisions"}],"wp:featuredmedia":[{"embeddable":true,"href":"https:\/\/www.europesays.com\/de\/wp-json\/wp\/v2\/media\/450620"}],"wp:attachment":[{"href":"https:\/\/www.europesays.com\/de\/wp-json\/wp\/v2\/media?parent=450619"}],"wp:term":[{"taxonomy":"category","embeddable":true,"href":"https:\/\/www.europesays.com\/de\/wp-json\/wp\/v2\/categories?post=450619"},{"taxonomy":"post_tag","embeddable":true,"href":"https:\/\/www.europesays.com\/de\/wp-json\/wp\/v2\/tags?post=450619"}],"curies":[{"name":"wp","href":"https:\/\/api.w.org\/{rel}","templated":true}]}}