{"id":450713,"date":"2025-09-26T00:45:12","date_gmt":"2025-09-26T00:45:12","guid":{"rendered":"https:\/\/www.europesays.com\/de\/450713\/"},"modified":"2025-09-26T00:45:12","modified_gmt":"2025-09-26T00:45:12","slug":"ukraine-news-drohnen-stoeren-erneut-flugverkehr-in-daenemark","status":"publish","type":"post","link":"https:\/\/www.europesays.com\/de\/450713\/","title":{"rendered":"Ukraine-News: Drohnen st\u00f6ren erneut Flugverkehr in D\u00e4nemark"},"content":{"rendered":"<p class=\"text\">\nDie US-Regierung hat den Verkauf moderner Luft-Luft-Raketen an Deutschland genehmigt. Dabei handelt es sich um AIM-120D-3-Raketen im Wert von rund 1,23 Milliarden Dollar, wie das Pentagon mitteilte. Hauptauftragnehmer ist der US-R\u00fcstungskonzern RTX Corporation. (Quelle: Reuters)\n<\/p>\n<p class=\"text\">\nIn D\u00e4nemark wurden in der Nacht zu Donnerstag erneut Drohnen \u00fcber mehreren Flugh\u00e4fen gesichtet \u2013 betroffen waren Aalborg, Esbjerg, S\u00f6nderborg und der Milit\u00e4rst\u00fctzpunkt Skrydstrup. Ein Flughafen wurde stundenlang gesperrt. Erst am Montag war der Flughafen Kopenhagen aus \u00e4hnlichen Gr\u00fcnden lahmgelegt worden. Die d\u00e4nische Regierung stuft die Vorf\u00e4lle als \u201esystematische Bedrohung\u201c ein. Ein russischer Hintergrund wird vermutet, Moskau weist alle Vorw\u00fcrfe zur\u00fcck. Auch in Norwegen, Polen, Estland und Rum\u00e4nien kam es zu \u00e4hnlichen Luftraumverletzungen. Die Nato wertet dies als gezielte Provokationen.<\/p>\n","protected":false},"excerpt":{"rendered":"Die US-Regierung hat den Verkauf moderner Luft-Luft-Raketen an Deutschland genehmigt. Dabei handelt es sich um AIM-120D-3-Raketen im Wert&hellip;\n","protected":false},"author":2,"featured_media":450714,"comment_status":"","ping_status":"","sticky":false,"template":"","format":"standard","meta":{"footnotes":""},"categories":[4012],"tags":[331,332,1130,685,1160,10068,844,13,30012,4046,36931,28364,81,14,1159,15,14795,116461,307,859,860,12,861,317,64,30616,103],"class_list":{"0":"post-450713","1":"post","2":"type-post","3":"status-publish","4":"format-standard","5":"has-post-thumbnail","7":"category-ukraine","8":"tag-aktuelle-nachrichten","9":"tag-aktuelle-news","10":"tag-atomkraftwerk","11":"tag-bundeswehr","12":"tag-daenemark","13":"tag-drohnen","14":"tag-flugverkehr","15":"tag-headlines","16":"tag-iaea","17":"tag-krieg","18":"tag-luftabwehr","19":"tag-luftraum","20":"tag-mdr","21":"tag-nachrichten","22":"tag-nato","23":"tag-news","24":"tag-raketen","25":"tag-rtx","26":"tag-russland","27":"tag-sachsen","28":"tag-sachsen-anhalt","29":"tag-schlagzeilen","30":"tag-thueringen","31":"tag-ukraine","32":"tag-usa","33":"tag-wadephul","34":"tag-welt"},"share_on_mastodon":{"url":"https:\/\/pubeurope.com\/@de\/115267838174376109","error":""},"_links":{"self":[{"href":"https:\/\/www.europesays.com\/de\/wp-json\/wp\/v2\/posts\/450713","targetHints":{"allow":["GET"]}}],"collection":[{"href":"https:\/\/www.europesays.com\/de\/wp-json\/wp\/v2\/posts"}],"about":[{"href":"https:\/\/www.europesays.com\/de\/wp-json\/wp\/v2\/types\/post"}],"author":[{"embeddable":true,"href":"https:\/\/www.europesays.com\/de\/wp-json\/wp\/v2\/users\/2"}],"replies":[{"embeddable":true,"href":"https:\/\/www.europesays.com\/de\/wp-json\/wp\/v2\/comments?post=450713"}],"version-history":[{"count":0,"href":"https:\/\/www.europesays.com\/de\/wp-json\/wp\/v2\/posts\/450713\/revisions"}],"wp:featuredmedia":[{"embeddable":true,"href":"https:\/\/www.europesays.com\/de\/wp-json\/wp\/v2\/media\/450714"}],"wp:attachment":[{"href":"https:\/\/www.europesays.com\/de\/wp-json\/wp\/v2\/media?parent=450713"}],"wp:term":[{"taxonomy":"category","embeddable":true,"href":"https:\/\/www.europesays.com\/de\/wp-json\/wp\/v2\/categories?post=450713"},{"taxonomy":"post_tag","embeddable":true,"href":"https:\/\/www.europesays.com\/de\/wp-json\/wp\/v2\/tags?post=450713"}],"curies":[{"name":"wp","href":"https:\/\/api.w.org\/{rel}","templated":true}]}}