{"id":450814,"date":"2025-09-26T01:43:10","date_gmt":"2025-09-26T01:43:10","guid":{"rendered":"https:\/\/www.europesays.com\/de\/450814\/"},"modified":"2025-09-26T01:43:10","modified_gmt":"2025-09-26T01:43:10","slug":"trump-kritiker-frueherer-fbi-chef-james-comey-wegen-schwerer-straftaten-angeklagt","status":"publish","type":"post","link":"https:\/\/www.europesays.com\/de\/450814\/","title":{"rendered":"Trump-Kritiker: Fr\u00fcherer FBI-Chef James Comey wegen &#8222;schwerer Straftaten&#8220; angeklagt"},"content":{"rendered":"<p class=\"paragraph article__item\">Der <a href=\"https:\/\/www.zeit.de\/politik\/ausland\/2024-09\/praesidentschaft-donald-trump-mai-2017\" class=\"\" target=\"_blank\" rel=\"noopener\">fr\u00fchere FBI-Direktor<\/a> und Kritiker von US-Pr\u00e4sident Donald Trump, <a class=\"rtr-entity\" href=\"https:\/\/www.zeit.de\/thema\/james-comey\" target=\"_blank\" rel=\"noopener\">James Comey<\/a>, ist nach Angaben des US-Justizministeriums wegen &#8222;schwerer Straftaten&#8220; angeklagt worden. Laut der von einer Grand Jury auf Bundesebene erhobenen Anklage werde dem fr\u00fcheren Bundespolizeichef zur Last gelegt, eine Untersuchung des Kongresses behindert und eine Falschaussage gemacht zu haben, teilte das Ministerium am Donnerstag (Ortszeit) mit.\u00a0Im Falle einer Verurteilung drohen Comey bis zu f\u00fcnf Jahre Haft.\u00a0\n<\/p>\n<p class=\"paragraph article__item\">Er wird beschuldigt, im September 2020 im Rahmen der Untersuchung m\u00f6glicher Verbindungen zwischen Russland und Donald Trumps Pr\u00e4sidentschaftswahlkampf 2016 vor dem Kongress gelogen zu haben. Er ist der erste fr\u00fchere Spitzenbeamte, der im Zusammenhang mit der inzwischen abgeschlossenen Russlandermittlung strafrechtlich verfolgt wird.\n<\/p>\n<p class=\"paragraph article__item\">Comey beteuerte seine Unschuld und seinen Glauben an die Justiz der USA. &#8222;Lasst uns diesen Gerichtsprozess angehen und zuversichtlich bleiben&#8220;, sagte Comey in einer Videobotschaft auf Instagram.\n<\/p>\n<p>        Justizministerium soll gegen Trumps Feinde vorgehen        <\/p>\n<p class=\"paragraph article__item\">US-Pr\u00e4sident Donald Trump begr\u00fc\u00dfte die Anklage und schrieb auf seiner Plattform Truth Social: &#8222;GERECHTIGKEIT F\u00dcR AMERIKA!&#8220; Justizministerin Pam Bondi und FBI-Direktor Kash Patel, ein langj\u00e4hriger Kritiker der Russlandermittlung, gaben \u00e4hnliche Erkl\u00e4rungen ab. &#8222;Niemand steht \u00fcber dem Gesetz&#8220;, sagte Bondi am\u00a0Donnerstag.\n<\/p>\n<p class=\"paragraph article__item\">Der US-Pr\u00e4sident hat das Justizministerium unter Bondi <a href=\"https:\/\/www.zeit.de\/politik\/ausland\/2025-09\/us-praesident-donald-trump-ermittlungen-opposition\" class=\"\" target=\"_blank\" rel=\"noopener\">zuletzt mehrfach unter Druck gesetzt<\/a>, gegen Personen vorzugehen, die er als politische Feinde betrachtet.\u00a0Comey, der von Trump wenige Monate nach dessen Amtsantritt 2017 als FBI-Direktor entlassen wurde, ist seit Langem ein zentrales Feindbild vieler Trump-Anh\u00e4nger. Erst am Samstagabend hatte Trump in den sozialen Medien erneut kritisiert, dass bisher keine Anklage gegen\u00a0Comey\u00a0erhoben worden ist.\n<\/p>\n<p class=\"paragraph article__item\">Dieser Artikel wird weiter aktualisiert.<\/p>\n","protected":false},"excerpt":{"rendered":"Der fr\u00fchere FBI-Direktor und Kritiker von US-Pr\u00e4sident Donald Trump, James Comey, ist nach Angaben des US-Justizministeriums wegen &#8222;schwerer&hellip;\n","protected":false},"author":2,"featured_media":450815,"comment_status":"","ping_status":"","sticky":false,"template":"","format":"standard","meta":{"footnotes":""},"categories":[3],"tags":[22720,13,44824,14,15,16,12,14453,10,8,9,11,116473,103,104],"class_list":{"0":"post-450814","1":"post","2":"type-post","3":"status-publish","4":"format-standard","5":"has-post-thumbnail","7":"category-welt","8":"tag-fbi","9":"tag-headlines","10":"tag-james-comey","11":"tag-nachrichten","12":"tag-news","13":"tag-politik","14":"tag-schlagzeilen","15":"tag-straftat","16":"tag-top-news","17":"tag-top-meldungen","18":"tag-topmeldungen","19":"tag-topnews","20":"tag-trump-kritiker","21":"tag-welt","22":"tag-world"},"share_on_mastodon":{"url":"https:\/\/pubeurope.com\/@de\/115268065999508458","error":""},"_links":{"self":[{"href":"https:\/\/www.europesays.com\/de\/wp-json\/wp\/v2\/posts\/450814","targetHints":{"allow":["GET"]}}],"collection":[{"href":"https:\/\/www.europesays.com\/de\/wp-json\/wp\/v2\/posts"}],"about":[{"href":"https:\/\/www.europesays.com\/de\/wp-json\/wp\/v2\/types\/post"}],"author":[{"embeddable":true,"href":"https:\/\/www.europesays.com\/de\/wp-json\/wp\/v2\/users\/2"}],"replies":[{"embeddable":true,"href":"https:\/\/www.europesays.com\/de\/wp-json\/wp\/v2\/comments?post=450814"}],"version-history":[{"count":0,"href":"https:\/\/www.europesays.com\/de\/wp-json\/wp\/v2\/posts\/450814\/revisions"}],"wp:featuredmedia":[{"embeddable":true,"href":"https:\/\/www.europesays.com\/de\/wp-json\/wp\/v2\/media\/450815"}],"wp:attachment":[{"href":"https:\/\/www.europesays.com\/de\/wp-json\/wp\/v2\/media?parent=450814"}],"wp:term":[{"taxonomy":"category","embeddable":true,"href":"https:\/\/www.europesays.com\/de\/wp-json\/wp\/v2\/categories?post=450814"},{"taxonomy":"post_tag","embeddable":true,"href":"https:\/\/www.europesays.com\/de\/wp-json\/wp\/v2\/tags?post=450814"}],"curies":[{"name":"wp","href":"https:\/\/api.w.org\/{rel}","templated":true}]}}